{"id":85070,"date":"2005-11-20T22:26:28","date_gmt":"2005-11-20T21:26:28","guid":{"rendered":"https:\/\/mediarun.com\/index.php\/news-posts\/opera-watersa-w-rzymie-i-poznaniu\/"},"modified":"2005-11-20T22:26:28","modified_gmt":"2005-11-20T21:26:28","slug":"opera-watersa-w-rzymie-i-poznaniu","status":"publish","type":"post","link":"https:\/\/mediarun.com\/pl\/wydarzenia\/opera-watersa-w-rzymie-i-poznaniu.html","title":{"rendered":"Opera Watersa w Rzymie i Poznaniu"},"content":{"rendered":"<p>&#8222;W rzymskiej sali Santa Cecilia Roger Waters, znakomity muzyk i b. lider Pink Floyd, zaprezentowa\u0142 symfoniczne wykonanie opery o rewolucji francuskiej.&#8221; &#8211; pisze Rzeczpospolita.<\/p>\n<p>&#8222;W >Ca ira< jest duch >The Dark Side Of The Moon<, a zw\u0142aszcza >The Wall< wielkich, symfoniczno-rockowych suit stworzonych, gdy Roger Waters sta\u0142 na czele supergrupy. S\u0105 w niej podnios\u0142e ballady i pr\u00f3ba ukazania sytuacji cz\u0142owieka w nieprzyjaznym dla niego \u015bwiecie. Ca\u0142o\u015b\u0107 jest refleksj\u0105 o w\u0142adzy i marzeniach o wolno\u015bci, za kt\u00f3r\u0105 trzeba p\u0142aci\u0107 wysok\u0105 cen\u0119. Utw\u00f3r stanowi mieszank\u0119 patosu, oratoryjnej symboliki i musicalu w stylu Andrew Lloyda Webbera. Na rzymski koncert przyby\u0142a delegacja z Poznania, by prowadzi\u0107 rozmowy na temat wystawienia >Ca ira< przez tamtejszy Teatr Wielki. By\u0142aby to pierwsza sceniczna inscenizacja opery. Re\u017cyserem b\u0119dzie Janusz J\u00f3zefowicz.&#8221; &#8211; czytamy w Rzeczpospolitej.\n\nNa pytanie RZ, czy chcia\u0142by, \u017ceby do wystawienia \"Ca ira\" dosz\u0142o w Poznaniu, Roger Waters odpowiedzia\u0142: Oczywi\u015bcie. Jestem po wst\u0119pnych rozmowach z Polakami, my\u015bl\u0119, \u017ce przynios\u0105 konkrety. Mam pewne w\u0142asne pomys\u0142y, jak \"Ca ira\" powinno si\u0119 pokaza\u0107 na scenie, ale nie b\u0119d\u0119 si\u0119 upiera\u0142. Jestem otwarty na r\u00f3\u017cne inscenizacyjne pomys\u0142y.\n<\/p>\n","protected":false},"excerpt":{"rendered":"&#8222;W rzymskiej sali Santa Cecilia Roger Waters, znakomity muzyk i b. lider Pink Floyd, zaprezentowa\u0142 symfoniczne wykonanie opery o rewolucji francuskiej.&#8221; &#8211; pisze Rzeczpospolita.","protected":false},"author":1,"featured_media":0,"comment_status":"open","ping_status":"closed","sticky":false,"template":"","format":"standard","meta":{"csco_display_header_overlay":false,"csco_singular_sidebar":"","csco_page_header_type":"","csco_page_load_nextpost":"","csco_post_video_location":[],"csco_post_video_location_hash":"","csco_post_video_url":"","csco_post_video_bg_start_time":0,"csco_post_video_bg_end_time":0,"footnotes":""},"categories":[46],"tags":[],"class_list":{"0":"post-85070","1":"post","2":"type-post","3":"status-publish","4":"format-standard","6":"category-wydarzenia","7":"cs-entry","8":"cs-video-wrap"},"_links":{"self":[{"href":"https:\/\/mediarun.com\/pl\/wp-json\/wp\/v2\/posts\/85070","targetHints":{"allow":["GET"]}}],"collection":[{"href":"https:\/\/mediarun.com\/pl\/wp-json\/wp\/v2\/posts"}],"about":[{"href":"https:\/\/mediarun.com\/pl\/wp-json\/wp\/v2\/types\/post"}],"author":[{"embeddable":true,"href":"https:\/\/mediarun.com\/pl\/wp-json\/wp\/v2\/users\/1"}],"replies":[{"embeddable":true,"href":"https:\/\/mediarun.com\/pl\/wp-json\/wp\/v2\/comments?post=85070"}],"version-history":[{"count":0,"href":"https:\/\/mediarun.com\/pl\/wp-json\/wp\/v2\/posts\/85070\/revisions"}],"wp:attachment":[{"href":"https:\/\/mediarun.com\/pl\/wp-json\/wp\/v2\/media?parent=85070"}],"wp:term":[{"taxonomy":"category","embeddable":true,"href":"https:\/\/mediarun.com\/pl\/wp-json\/wp\/v2\/categories?post=85070"},{"taxonomy":"post_tag","embeddable":true,"href":"https:\/\/mediarun.com\/pl\/wp-json\/wp\/v2\/tags?post=85070"}],"curies":[{"name":"wp","href":"https:\/\/api.w.org\/{rel}","templated":true}]}}