{"id":85069,"date":"2005-11-20T22:55:59","date_gmt":"2005-11-20T21:55:59","guid":{"rendered":"https:\/\/mediarun.com\/index.php\/news-posts\/zmiany-czekaja-tpsa\/"},"modified":"2005-11-20T22:55:59","modified_gmt":"2005-11-20T21:55:59","slug":"zmiany-czekaja-tpsa","status":"publish","type":"post","link":"https:\/\/mediarun.com\/pl\/wydarzenia\/zmiany-czekaja-tpsa.html","title":{"rendered":"Zmiany czekaj\u0105 TPSA"},"content":{"rendered":"<p>&#8211; W najbli\u017cszych tygodniach maj\u0105 nast\u0105pi\u0107 zmiany w zarz\u0105dzie Telekomunikacji Polskiej. Tak\u0105 informacj\u0119 poda\u0142 Michel Combes z zarz\u0105du France T\u00e9l\u00e9com, francuskiego koncernu, kt\u00f3ry kontroluje polsk\u0105 sp\u00f3\u0142k\u0119. Jej prezes, Marek J\u00f3zefiak, nie ma podobno dobrych notowa\u0144 po\u015br\u00f3d polityk\u00f3w Prawa i Sprawiedliwo\u015bci. Dla telekomu, kt\u00f3ry dzia\u0142a na regulowanym rynku i podlega kontroli pa\u0144stwowych urz\u0119d\u00f3w, jest to wa\u017cna sprawa. &#8211; donosi &#8222;Rz&#8221;<\/p>\n<p>&#8211; Przedstawiciele sp\u00f3\u0142ki nie chcieli komentowa\u0107 doniesie\u0144 o mo\u017cliwo\u015bci zmian w zarz\u0105dzie. Z nieoficjalnych informacji wynika jednak, \u017ce opr\u00f3cz Marka J\u00f3zefiaka prac\u0119 straci\u0107 mo\u017ce szef marketingu Pierre Hamon. &#8211; informuje &#8222;Rzeczpospolita&#8221;<\/p>\n<p>&#8211; Niedawno France T\u00e9l\u00e9com opublikowa\u0142 gorsze od przewidywanych wyniki finansowe, czego przyczyn\u0105 by\u0142 spadek przychod\u00f3w Telekomunikacji Polskiej z us\u0142ug telefonii stacjonarnej. Na tej samej konferencji z analitykami finansowymi Michel Combes zapowiedzia\u0142, \u017ce Telekomunikacja Polska musi zdoby\u0107 wi\u0119ksz\u0105 liczb\u0119 u\u017cytkownik\u00f3w us\u0142ug internetowych. &#8211; pisze &#8222;Rzeczpospolita&#8221;<\/p>\n","protected":false},"excerpt":{"rendered":"France T\u00e9l\u00e9com szuka winnych s\u0142abych wynik\u00f3w swojej polskiej sp\u00f3\u0142ki. Konsekwencje ponie\u015b\u0107 mo\u017ce prezes Telekomunikacji Polskiej. &#8211; czytamy w &#8222;Rzeczpospolitej&#8221;","protected":false},"author":1,"featured_media":0,"comment_status":"open","ping_status":"closed","sticky":false,"template":"","format":"standard","meta":{"csco_display_header_overlay":false,"csco_singular_sidebar":"","csco_page_header_type":"","csco_page_load_nextpost":"","csco_post_video_location":[],"csco_post_video_location_hash":"","csco_post_video_url":"","csco_post_video_bg_start_time":0,"csco_post_video_bg_end_time":0,"footnotes":""},"categories":[46],"tags":[],"class_list":{"0":"post-85069","1":"post","2":"type-post","3":"status-publish","4":"format-standard","6":"category-wydarzenia","7":"cs-entry","8":"cs-video-wrap"},"_links":{"self":[{"href":"https:\/\/mediarun.com\/pl\/wp-json\/wp\/v2\/posts\/85069","targetHints":{"allow":["GET"]}}],"collection":[{"href":"https:\/\/mediarun.com\/pl\/wp-json\/wp\/v2\/posts"}],"about":[{"href":"https:\/\/mediarun.com\/pl\/wp-json\/wp\/v2\/types\/post"}],"author":[{"embeddable":true,"href":"https:\/\/mediarun.com\/pl\/wp-json\/wp\/v2\/users\/1"}],"replies":[{"embeddable":true,"href":"https:\/\/mediarun.com\/pl\/wp-json\/wp\/v2\/comments?post=85069"}],"version-history":[{"count":0,"href":"https:\/\/mediarun.com\/pl\/wp-json\/wp\/v2\/posts\/85069\/revisions"}],"wp:attachment":[{"href":"https:\/\/mediarun.com\/pl\/wp-json\/wp\/v2\/media?parent=85069"}],"wp:term":[{"taxonomy":"category","embeddable":true,"href":"https:\/\/mediarun.com\/pl\/wp-json\/wp\/v2\/categories?post=85069"},{"taxonomy":"post_tag","embeddable":true,"href":"https:\/\/mediarun.com\/pl\/wp-json\/wp\/v2\/tags?post=85069"}],"curies":[{"name":"wp","href":"https:\/\/api.w.org\/{rel}","templated":true}]}}