{"id":85065,"date":"2005-11-21T00:08:25","date_gmt":"2005-11-20T23:08:25","guid":{"rendered":"https:\/\/mediarun.com\/index.php\/news-posts\/medal-sw-jerzego-2005\/"},"modified":"2005-11-21T00:08:25","modified_gmt":"2005-11-20T23:08:25","slug":"medal-sw-jerzego-2005","status":"publish","type":"post","link":"https:\/\/mediarun.com\/pl\/media\/prasa\/medal-sw-jerzego-2005.html","title":{"rendered":"Medal \u015aw. Jerzego 2005"},"content":{"rendered":"<p>Medal dla abp. \u017byci\u0144skiego kapitu\u0142a uzasadni\u0142a: &#8220;za odwag\u0119 uczestniczenia w debacie publicznej i g\u0142oszenia prawd s\u0142uchanych niech\u0119tnie zar\u00f3wno w polskim spo\u0142ecze\u0144stwie, jak w Ko\u015bciele, za umiej\u0119tno\u015b\u0107 b\u0142yskawicznego reagowania, gdy smokowi odrasta kolejna g\u0142owa, i za pokazanie, \u017ce walk\u0119 ze z\u0142em toczy\u0107 trzeba przede wszystkim przez budowanie dobra w przejrzysty spos\u00f3b&#8221;.<\/p>\n<p>Przez 13 lat laudacje bywa\u0142y i powa\u017cne, i zabawne. Tegoroczne by\u0142y podnios\u0142e i uroczyste. Bo wyb\u00f3r kapitu\u0142y, co podkre\u015bla\u0142 ks. Adam Boniecki, spotka\u0142 si\u0119 z powszechn\u0105 aprobat\u0105: &#8211; Laudacje b\u0119d\u0105 wi\u0119c kr\u00f3tkie, bo przecie\u017c werdyktu t\u0142umaczy\u0107 nie trzeba: &#8211; Pani Profesor jest wielkim strategiem walki ze smokiem z\u0142a, bo wskazuje teren walki. Jest ni\u0105 &#8220;pe\u0142ne sprzeczno\u015bci my\u015blenie ludzkie &#8211; i tw\u00f3rcze, i niszcz\u0105ce, nierzadko samo sobie odbieraj\u0105ce warto\u015b\u0107&#8221;. To tu rodzi si\u0119 z\u0142o: &#8211; Pani Profesor ka\u017ce w cz\u0142owieku, wbrew wielu gorzkim naukom, dostrzec jego usprawiedliwion\u0105 dum\u0119. To w\u0142a\u015bnie duma przypomina o ludzkiej godno\u015bci, wyznaczaj\u0105c owo pole walki.<\/p>\n<p>Odbieraj\u0105c medal, prof. Barbara Skarga, zbyt wzruszona &#8211; jak przyzna\u0142a &#8211; by wyg\u0142osi\u0107 przemow\u0119, wspomnia\u0142a o swoich relacjach z &#8220;Tygodnikiem&#8221;: &#8211; Wiele nas r\u00f3\u017cni, a jednocze\u015bnie zawsze jest wsp\u00f3lna p\u0142aszczyzna warto\u015bci, kt\u00f3re \u0142\u0105cz\u0105 &#8211; podkre\u015bli\u0142a, nazywaj\u0105c atmosfer\u0119 pisma &#8220;enklaw\u0105 wzajemnej zrozumia\u0142o\u015bci i blisko\u015bci w r\u00f3\u017cnicach&#8221;.<\/p>\n<p>O smoku przybieraj\u0105cym posta\u0107 fanatyzmu m\u00f3wi\u0142 w laudacji dla abp. \u017byci\u0144skiego Krzysztof Koz\u0142owski: &#8211; Wtedy prawda cz\u0105stkowa przyjmowana jest arbitralnie jako jedyna, staj\u0105c si\u0119 \u017ar\u00f3d\u0142em krzywdy i narz\u0119dziem upokorzenia. &#8211; Ale w\u0142a\u015bnie w tym punkcie wkracza zdecydowanie Ksi\u0105dz Arcybiskup, kt\u00f3ry te\u017c (jako cz\u0142owiek nauki i publicysta) jasno dostrzega zwi\u0105zek mi\u0119dzy teori\u0105, doktryn\u0105 a losem cz\u0142owieka. Nie czeka w biskupim pa\u0142acu, lecz wkracza w \u015bwiat polemik i dyskusji. T\u0119 odwag\u0119 i cz\u0119sto ryzykown\u0105 obecno\u015b\u0107 w\u015br\u00f3d ludzi i spraw najg\u0142\u0119biej ludzi dotycz\u0105cych, kapitu\u0142a Medalu chcia\u0142a podkre\u015bli\u0107.<\/p>\n<p>&#8211; Jeszcze nigdy nie wyst\u0119powa\u0142em publicznie w roli pogromcy smok\u00f3w &#8211; \u017cartowa\u0142 abp \u017byci\u0144ski, opowiadaj\u0105c, jak w nowej roli podni\u00f3s\u0142 go na duchu widok zmierzaj\u0105cego na uroczysto\u015b\u0107 wcze\u015bniejszego laureata medalu, bp. Tadeusza Pieronka. &#8211; Wydawa\u0142o mi si\u0119, \u017ce w r\u0119ku ni\u00f3s\u0142 du\u017c\u0105 dzid\u0119. Ali\u015bci, w \u015bwiecie rozmytych warto\u015bci od razu pojawi\u0142y si\u0119 pytania: &#8220;a mo\u017ce to nie Pieronek?&#8221;, &#8220;a mo\u017ce to nie dzida?&#8221;. &#8211; I kiedy problem realno\u015bci dzidy jawi\u0142 si\u0119 jako zagadnienie centralne, postawi\u0142em sobie pytanie: &#8220;a czy smoki s\u0105 realne?&#8221;.<\/p>\n<p>Nie rozwi\u0105zawszy wprawdzie problemu ontologicznego smoka, abp \u017byci\u0144ski stwierdzi\u0142 jednak, \u017ce z pewno\u015bci\u0105 realna jest \u015bwi\u0119to\u015b\u0107, a t\u0119 ukazuje nie tylko patron medalu, ale i charyzmat \u015bp. Jerzego Turowicza. &#8211; Tworzy styl, w kt\u00f3rym jeste\u015bmy Bogu potrzebni, by pejza\u017c szaro\u015bci, bylejako\u015bci i rozczarowania nie dominowa\u0142 w codziennych sprawach.<\/p>\n<p>Listy gratulacyjne dla laureat\u00f3w przys\u0142ali prezydent Aleksander Kwa\u015bniewski, prezydent Krakowa Jacek Majchrowski, marsza\u0142ek wojew\u00f3dztwa ma\u0142opolskiego Janusz Sepio\u0142 i ci z laureat\u00f3w poprzednich edycji, kt\u00f3rzy nie dotarli na uroczysto\u015b\u0107. Prowadz\u0105cy j\u0105 Tomasz Fia\u0142kowski przypomnia\u0142, \u017ce ten rok jest nie tylko rokiem jubileuszu &#8220;TP&#8221;, ale przede wszystkim rokiem \u015bmierci Jana Paw\u0142a II. Dlatego ka\u017cdy z go\u015bci otrzyma\u0142 egzemplarz wydanej przez &#8220;Znak&#8221; ksi\u0105\u017cki &#8220;Czuwanie&#8221; &#8211; zapisu &#8220;polskiego kwietnia&#8221; w materia\u0142ach dziennikarzy &#8220;Tygodnika&#8221; i radia RMF.<\/p>\n<p>Wreszcie nadszed\u0142 czas na koncert &#8220;Collegium Vocale&#8221;, Ingeborg Danz i Leo van Doeselaara pod dyrekcj\u0105 Phillippe&#8217;a Herreweghe&#8217;a: dope\u0142nienie (spe\u0142nienie) ca\u0142o\u015bci w idealnym kszta\u0142cie i brzmieniu; a mo\u017ce nawet cud. Bo jak inaczej nazwa\u0107 to, \u017ce kilkaset os\u00f3b, kt\u00f3re zwykle w takich sytuacjach chce po prostu i\u015b\u0107 na bankiet, w najwy\u017cszym skupieniu s\u0142ucha przez dwie godziny romantycznych pie\u015bni (Brahmsa, Schuberta, Jennera)? Wykonanych z chirurgiczn\u0105 precyzj\u0105, jakby z dystansem (ironi\u0105?), co nie przeszkadza w osi\u0105ganiu temperatury wrzenia; najpi\u0119kniejszego stanu w kontakcie z muzyk\u0105, kiedy jest ju\u017c prawie oboj\u0119tne co i dlaczego, byle tylko trwa\u0142o i unosi\u0142o. Genialny, zmys\u0142owy seans terapeutyczny, kt\u00f3remu ulegli wszyscy &#8211; wykonawcy i s\u0142uchacze &#8211; poddaj\u0105c si\u0119 bez opor\u00f3w muzyce i hipnotycznym ruchom dyrygenta.<br \/>\nHerreweghe zn\u00f3w by\u0142 tak, jakby go nie by\u0142o. Ale ka\u017cdemu dyrygentowi trzeba \u017cyczy\u0107 takich umiej\u0119tno\u015bci w budowaniu programu, w kt\u00f3rym ze z\u0142o\u017conej materii s\u0142owno-muzycznej u\u0142o\u017cy si\u0119 tak przejmuj\u0105ca opowie\u015b\u0107 o nocy, mi\u0142o\u015bci, t\u0119sknocie, \u015bmierci. Po kt\u00f3rej jeszcze mocniej b\u0119dzie si\u0119 chcia\u0142o \u017cy\u0107.&#8221;<\/p>\n","protected":false},"excerpt":{"rendered":"&#8222;Uroczysto\u015b\u0107 wr\u0119czenia Medali \u015aw. Jerzego odby\u0142a si\u0119 tym razem w nowej, znakomitej auli &#8211; Auditorium Maximum Uniwersytetu Jagiello\u0144skiego. Werdykt kapitu\u0142y Medalu odczyta\u0142a J\u00f3zefa Hennelowa. Prof. Barbar\u0119 Skarg\u0119, filozofa i etyka, wyr\u00f3\u017cniono za &#8220;uczenie standard\u00f3w dobrego my\u015blenia oraz walk\u0119 z panosz\u0105cym si\u0119 w \u015bwiecie smokiem pychy, bezwstydu i g\u0142upoty, kt\u00f3re s\u0105 zarzewiem k\u0142amstwa i nienawi\u015bci&#8221;.","protected":false},"author":1,"featured_media":0,"comment_status":"open","ping_status":"closed","sticky":false,"template":"","format":"standard","meta":{"csco_display_header_overlay":false,"csco_singular_sidebar":"","csco_page_header_type":"","csco_page_load_nextpost":"","csco_post_video_location":[],"csco_post_video_location_hash":"","csco_post_video_url":"","csco_post_video_bg_start_time":0,"csco_post_video_bg_end_time":0,"footnotes":""},"categories":[9673],"tags":[],"class_list":{"0":"post-85065","1":"post","2":"type-post","3":"status-publish","4":"format-standard","6":"category-prasa","7":"cs-entry","8":"cs-video-wrap"},"_links":{"self":[{"href":"https:\/\/mediarun.com\/pl\/wp-json\/wp\/v2\/posts\/85065","targetHints":{"allow":["GET"]}}],"collection":[{"href":"https:\/\/mediarun.com\/pl\/wp-json\/wp\/v2\/posts"}],"about":[{"href":"https:\/\/mediarun.com\/pl\/wp-json\/wp\/v2\/types\/post"}],"author":[{"embeddable":true,"href":"https:\/\/mediarun.com\/pl\/wp-json\/wp\/v2\/users\/1"}],"replies":[{"embeddable":true,"href":"https:\/\/mediarun.com\/pl\/wp-json\/wp\/v2\/comments?post=85065"}],"version-history":[{"count":0,"href":"https:\/\/mediarun.com\/pl\/wp-json\/wp\/v2\/posts\/85065\/revisions"}],"wp:attachment":[{"href":"https:\/\/mediarun.com\/pl\/wp-json\/wp\/v2\/media?parent=85065"}],"wp:term":[{"taxonomy":"category","embeddable":true,"href":"https:\/\/mediarun.com\/pl\/wp-json\/wp\/v2\/categories?post=85065"},{"taxonomy":"post_tag","embeddable":true,"href":"https:\/\/mediarun.com\/pl\/wp-json\/wp\/v2\/tags?post=85065"}],"curies":[{"name":"wp","href":"https:\/\/api.w.org\/{rel}","templated":true}]}}