{"id":85064,"date":"2005-11-21T00:10:43","date_gmt":"2005-11-20T23:10:43","guid":{"rendered":"https:\/\/mediarun.com\/index.php\/news-posts\/dzisiaj-swiatowy-dzien-telewizji\/"},"modified":"2005-11-21T00:10:43","modified_gmt":"2005-11-20T23:10:43","slug":"dzisiaj-swiatowy-dzien-telewizji","status":"publish","type":"post","link":"https:\/\/mediarun.com\/pl\/media\/tv\/dzisiaj-swiatowy-dzien-telewizji.html","title":{"rendered":"Dzisiaj \u015awiatowy Dzie\u0144 Telewizji"},"content":{"rendered":"<p>\u015arednio Polak sp\u0119dza przed telewizorem 4 godziny i 9 minut dziennie. Wi\u0119cej czasu sp\u0119dzamy przed telewizorem w weekendy ni\u017c w dni powszednie (3h58min\/4h40min). Przeci\u0119tnie w polskim domu telewizor w\u0142\u0105czony jest przez 8 godzin w ci\u0105gu dnia. Co ciekawe nie mamy \u015bwiadomo\u015bci, \u017ce tyle czasu sp\u0119dzamy przed telewizorem, wi\u0119kszo\u015b\u0107 szacuje, \u017ce ich rodzina nie sp\u0119dza przed telewizorem wi\u0119cej ni\u017c 4 godziny. <\/p>\n<p>Z bada\u0144 przeprowadzonych w bie\u017c\u0105cym roku przez studio bada\u0144 rynkowych 4P Research Mix na zlecenie CANAL+ Cyfrowy na reprezentatywnej pr\u00f3bie 5892 gospodarstw domowych nieposiadaj\u0105cych platformy CYFRA+ (z wy\u0142\u0105czeniem najstarszych gospodarstw) wynika, \u017ce generalnie widzowie ch\u0119tnie siadaj\u0105 przed telewizorem, ale lubi\u0105 te\u017c czasem od niego odpocz\u0105\u0107 (39%). Jednocze\u015bnie tylko co setny (1%) ankietowany deklaruje, \u017ce nie ogl\u0105da telewizji w soboty i niedziele. Co czwarty (24%) twierdzi, \u017ce w\u0142\u0105czony telewizor mu nie przeszkadza, nawet gdy zajmuje si\u0119 czym\u015b innym. Natomiast niemal co pi\u0105ty ankietowany (18%) deklaruje, \u017ce pr\u00f3buje ogranicza\u0107 ogl\u0105danie, ale od czasu do czasu daje si\u0119 skusi\u0107 ciekawym programom. Co si\u00f3dmy badany &#8211; a\u017c 14% &#8211; w og\u00f3le nie wyobra\u017ca sobie \u017cycia bez telewizora. Generalnie uwa\u017camy dost\u0119pn\u0105 w naszych domach ofert\u0119 programow\u0105 za satysfakcjonuj\u0105ca. Twierdzi tak niemal trzy czwarte (73%) ankietowanych. Co czwarta osoba (23%) jest przeciwnego zdania.<\/p>\n<p>Jednak pytani o szczeg\u00f3\u0142y oferty programowej telewidzowie formu\u0142uj\u0105 bardziej krytyczne opinie. Osobom nieposiadaj\u0105cym dost\u0119pu do CYFRY+ najbardziej brakuje film\u00f3w. Narzeka na to co trzeci ankietowany (34%). Co czwarty chcia\u0142by ogl\u0105da\u0107 wi\u0119cej program\u00f3w przyrodniczych (26%), niemal co pi\u0105ty &#8211; wi\u0119cej sportu (18%.), a co si\u00f3dmy (14%) &#8211; program\u00f3w dla dzieci. W efekcie, co czwarty Polak, b\u0119d\u0105cy g\u0142ow\u0105 rodziny, nieposiadaj\u0105cy CYFRY+, wyra\u017ca zainteresowanie zakupem telewizji p\u0142atnych (platform cyfrowych i telewizji kablowych). Dla por\u00f3wnania za\u015b og\u00f3lna satysfakcja z oferty programowej platformy cyfrowej CYFRA+ kszta\u0142tuje si\u0119 na wysokim poziomie, o czym \u015bwiadczy 76 pkt CSI (wska\u017anik Customer Satisfaction Index) &#8211; wynika z bada\u0144 prowadzonych regularnie w\u015br\u00f3d abonent\u00f3w przez sp\u00f3\u0142k\u0119 CANAL+ Cyfrowy.<\/p>\n<p>&#8222;Polscy telewidzowie sp\u0119dzaj\u0105 przed telewizorem sporo czasu. Lubi\u0105 ogl\u0105da\u0107 telewizj\u0119 i coraz dok\u0142adniej formu\u0142uj\u0105 swe oczekiwania wobec niej. Najlepsz\u0105 odpowiedzi\u0105 na te potrzeby jest oferta platformy cyfrowej. Mo\u017cna j\u0105 por\u00f3wna\u0107 do nowoczesnego supermarketu z programami, w kt\u00f3rym ka\u017cdy, niezale\u017cnie od p\u0142ci, wieku i zainteresowa\u0144, znajdzie co\u015b dla siebie &#8211; od oferty filmowej i sportowej, po kana\u0142y dla dzieci, muzyczne i dokumentalne oraz szereg unikalnych us\u0142ug dodatkowych&#8221; &#8211; m\u00f3wi Marta J\u00f3\u017awiak, PR manager CANAL+ Cyfrowy.<\/p>\n","protected":false},"excerpt":{"rendered":"Z okazji przypadaj\u0105cego w najbli\u017cszy poniedzia\u0142ek \u015awiatowego Dnia Telewizji sp\u00f3\u0142ka Canal + Cyfrowy podsumowa\u0142a opinie polskich widz\u00f3w. Dzie\u0144 21 listopada mo\u017ce by\u0107 og\u0142oszony \u015bwi\u0119tem 99,8 proc. Polak\u00f3w, bo taki procent os\u00f3b w wieku powy\u017cej 4 lat ogl\u0105da telewizj\u0119 &#8211; wynika z najnowszych bada\u0144 telemetrycznych AGB Nielsen Media Research.","protected":false},"author":1,"featured_media":0,"comment_status":"open","ping_status":"closed","sticky":false,"template":"","format":"standard","meta":{"csco_display_header_overlay":false,"csco_singular_sidebar":"","csco_page_header_type":"","csco_page_load_nextpost":"","csco_post_video_location":[],"csco_post_video_location_hash":"","csco_post_video_url":"","csco_post_video_bg_start_time":0,"csco_post_video_bg_end_time":0,"footnotes":""},"categories":[9670],"tags":[],"class_list":{"0":"post-85064","1":"post","2":"type-post","3":"status-publish","4":"format-standard","6":"category-tv","7":"cs-entry","8":"cs-video-wrap"},"_links":{"self":[{"href":"https:\/\/mediarun.com\/pl\/wp-json\/wp\/v2\/posts\/85064","targetHints":{"allow":["GET"]}}],"collection":[{"href":"https:\/\/mediarun.com\/pl\/wp-json\/wp\/v2\/posts"}],"about":[{"href":"https:\/\/mediarun.com\/pl\/wp-json\/wp\/v2\/types\/post"}],"author":[{"embeddable":true,"href":"https:\/\/mediarun.com\/pl\/wp-json\/wp\/v2\/users\/1"}],"replies":[{"embeddable":true,"href":"https:\/\/mediarun.com\/pl\/wp-json\/wp\/v2\/comments?post=85064"}],"version-history":[{"count":0,"href":"https:\/\/mediarun.com\/pl\/wp-json\/wp\/v2\/posts\/85064\/revisions"}],"wp:attachment":[{"href":"https:\/\/mediarun.com\/pl\/wp-json\/wp\/v2\/media?parent=85064"}],"wp:term":[{"taxonomy":"category","embeddable":true,"href":"https:\/\/mediarun.com\/pl\/wp-json\/wp\/v2\/categories?post=85064"},{"taxonomy":"post_tag","embeddable":true,"href":"https:\/\/mediarun.com\/pl\/wp-json\/wp\/v2\/tags?post=85064"}],"curies":[{"name":"wp","href":"https:\/\/api.w.org\/{rel}","templated":true}]}}