{"id":85035,"date":"2005-11-21T09:38:13","date_gmt":"2005-11-21T08:38:13","guid":{"rendered":"https:\/\/mediarun.com\/index.php\/news-posts\/odchudzic-i-odpolitycznic\/"},"modified":"2005-11-21T09:38:13","modified_gmt":"2005-11-21T08:38:13","slug":"odchudzic-i-odpolitycznic","status":"publish","type":"post","link":"https:\/\/mediarun.com\/pl\/media\/tv\/odchudzic-i-odpolitycznic.html","title":{"rendered":"Odchudzi\u0107 i odpolityczni\u0107!"},"content":{"rendered":"<p>&#8222;Zaraz po wyborach prezydenckich Lech Kaczy\u0144ski rzuci\u0142 pomys\u0142, by jeden kana\u0142 TVP odda\u0107 rz\u0105dowi, a drugi &#8211; opozycji. Szybko jednak liderzy PiS-u doszli do wniosku, \u017ce rewolucja nie powinna si\u0119 ogranicza\u0107, a ju\u017c na pewno nie rewolucja moralna. Szuflad\u0119 opu\u015bci\u0142 wi\u0119c przygotowany zawczasu projekt zmian w niekochanej przez nikogo (opr\u00f3cz jej aktualnych cz\u0142onk\u00f3w) Krajowej Radzie Radiofonii i Telewizji &#8211; zmian, kt\u00f3re maj\u0105 j\u0105 odchudzi\u0107 i odpolityczni\u0107.&#8221; &#8211; pisze Gazta Prawna.<\/p>\n<p>&#8222;Poniewa\u017c rady nie da si\u0119 tak po prostu rozwi\u0105za\u0107, bo jej istnienie (przypadkiem?) gwarantuje konstytucja, PiS zaproponowa\u0142 jej zredukowanie z dziewi\u0119ciu do trzech os\u00f3b. Mieliby je wybiera\u0107, tak jak dot\u0105d, w r\u00f3wnych proporcjach &#8211; Sejm, Senat i prezydent. Po wyborach i po zaprzysi\u0119\u017ceniu prezydenta Kaczy\u0144skiego zyskamy w ten spos\u00f3b pe\u0142n\u0105 gwarancj\u0119 >odpolitycznienia< rady, nieprawda\u017c? Zreszt\u0105 wiceminister kultury &#8211; autor tego pomys\u0142u &#8211; pytany o gro\u017ab\u0119 zmonopolizowania publicznych medi\u00f3w, m\u00f3wi ze szczerym oburzeniem: >przecie\u017c nie b\u0119dziemy przeprasza\u0107 za wynik wybor\u00f3w<.\" - czytamy w Gazecie Prawnej.\n\n\"Ju\u017c przed odchudzon\u0105 i odpolitycznion\u0105 rad\u0105 mia\u0142yby odpowiada\u0107 jednoosobowe i wybierane w konkursach (a jak\u017ce!) zarz\u0105dy medi\u00f3w publicznych. Powo\u0142ywani szefowie TVP czy Polskiego Radia musieliby przyj\u0105\u0107 tzw. kart\u0119 zobowi\u0105za\u0144 (opracowan\u0105 przez rad\u0119) &#8211; w razie ich niewype\u0142nienia (zdaniem rady) byliby oni odwo\u0142ywani (przez rad\u0119) nawet w trakcie kadencji. Czy\u017c nie jest to najprostszy i skuteczny spos\u00f3b zapewnienia nam wszystkim pe\u0142nej fachowo\u015bci i apolityczno\u015bci kadr w publicznych mediach?\"\n\n\"Wspomniany ju\u017c wiceminister stwierdzi\u0142 kiedy\u015b, b\u0119d\u0105c jeszcze w opozycji, \u017ce ktokolwiek nie rz\u0105dzi\u0142by w Polsce &#8211; >nie odpu\u015bci< publicznych medi\u00f3w. I kto teraz powie, \u017ce &#8211; przynajmniej w tej dziedzinie &#8211; PiS nie ma fachowc\u00f3w?\" - komentuje Gazeta Prawna.\n<\/p>\n","protected":false},"excerpt":{"rendered":"&#8222;Politycy Prawa i Sprawiedliwo\u015bci lubi\u0105 podkre\u015bla\u0107, \u017ce w wyborach parlamentarnych i prezydenckich pokonali nie tylko Platform\u0119 Obywatelsk\u0105, ale tak\u017ce faworyzuj\u0105ce j\u0105 &#8211; ich zdaniem &#8211; media. Mo\u017ce zaskakiwa\u0107 gorsz\u0105cy brak wdzi\u0119czno\u015bci wobec Radia Maryja &#8211; jeden tylko Andrzej Lepper szczerze rzuci\u0142 z sejmowej trybuny w stron\u0119 pos\u0142\u00f3w PO: >Lepper i Rydzyk &#8211; pokonali was< &#8211; i trzeba przyzna\u0107, \u017ce niewiele by\u0142o w tym przesady. Zajmijmy si\u0119 jednak stronniczymi &#8211; zdaniem PiS-u &#8211; mediami publicznymi.\" - czytamy w Gazecie Prawnej.","protected":false},"author":1,"featured_media":0,"comment_status":"open","ping_status":"closed","sticky":false,"template":"","format":"standard","meta":{"csco_display_header_overlay":false,"csco_singular_sidebar":"","csco_page_header_type":"","csco_page_load_nextpost":"","csco_post_video_location":[],"csco_post_video_location_hash":"","csco_post_video_url":"","csco_post_video_bg_start_time":0,"csco_post_video_bg_end_time":0,"footnotes":""},"categories":[9670],"tags":[],"class_list":{"0":"post-85035","1":"post","2":"type-post","3":"status-publish","4":"format-standard","6":"category-tv","7":"cs-entry","8":"cs-video-wrap"},"_links":{"self":[{"href":"https:\/\/mediarun.com\/pl\/wp-json\/wp\/v2\/posts\/85035","targetHints":{"allow":["GET"]}}],"collection":[{"href":"https:\/\/mediarun.com\/pl\/wp-json\/wp\/v2\/posts"}],"about":[{"href":"https:\/\/mediarun.com\/pl\/wp-json\/wp\/v2\/types\/post"}],"author":[{"embeddable":true,"href":"https:\/\/mediarun.com\/pl\/wp-json\/wp\/v2\/users\/1"}],"replies":[{"embeddable":true,"href":"https:\/\/mediarun.com\/pl\/wp-json\/wp\/v2\/comments?post=85035"}],"version-history":[{"count":0,"href":"https:\/\/mediarun.com\/pl\/wp-json\/wp\/v2\/posts\/85035\/revisions"}],"wp:attachment":[{"href":"https:\/\/mediarun.com\/pl\/wp-json\/wp\/v2\/media?parent=85035"}],"wp:term":[{"taxonomy":"category","embeddable":true,"href":"https:\/\/mediarun.com\/pl\/wp-json\/wp\/v2\/categories?post=85035"},{"taxonomy":"post_tag","embeddable":true,"href":"https:\/\/mediarun.com\/pl\/wp-json\/wp\/v2\/tags?post=85035"}],"curies":[{"name":"wp","href":"https:\/\/api.w.org\/{rel}","templated":true}]}}