{"id":85034,"date":"2005-11-21T09:43:23","date_gmt":"2005-11-21T08:43:23","guid":{"rendered":"https:\/\/mediarun.com\/index.php\/news-posts\/slaby-poczatek-nowego-dnia\/"},"modified":"2005-11-21T09:43:23","modified_gmt":"2005-11-21T08:43:23","slug":"slaby-poczatek-nowego-dnia","status":"publish","type":"post","link":"https:\/\/mediarun.com\/pl\/media\/prasa\/slaby-poczatek-nowego-dnia.html","title":{"rendered":"S\u0142aby pocz\u0105tek Nowego Dnia"},"content":{"rendered":"<p>&#8222;Od poniedzia\u0142ku do pi\u0105tku >Nowy Dzie\u0144< Agory sprzedawa\u0142 si\u0119 coraz s\u0142abiej &#8211; wynika z sonda\u017cu konkurencyjnych wydawc\u00f3w. Najlepszy by\u0142 poniedzia\u0142ek, dzie\u0144 startu nowego dziennika, kt\u00f3ry sprzeda\u0142 wtedy oko\u0142o 430 tys. egzemplarzy. Wtorek by\u0142 gorszy &#8211; dziennik sprzeda\u0142 si\u0119 w oko\u0142o 270 tys. egz., a w \u015brod\u0119 &#8211; w oko\u0142o 210 tys. egz. Wyniki poprawi\u0142y si\u0119 w czwartek &#8211; >Nowy Dzie\u0144< znalaz\u0142 wtedy oko\u0142o 280 tys. nabywc\u00f3w. Jednak tego dnia do gazety do\u0142\u0105czony by\u0142 dodatek telewizyjny. Natomiast w pi\u0105tek sprzeda\u017c ponownie spad\u0142a do oko\u0142o 190 tys. egz.\" - pisze Gazeta Prawna \n\n\"\u015arednia sprzeda\u017c w tygodniu wynios\u0142a wi\u0119c oko\u0142o 270 tys. egz. Na razie wi\u0119c jest to zgodne z zamierzeniami Agory. Przedstawiciele firmy, w dniu wprowadzenia nowego dziennika, podkre\u015blali bowiem, \u017ce jego \u015brednia tygodniowa sprzeda\u017c na poziomie 250 tys. egz. pozwoli osi\u0105gn\u0105\u0107 sp\u00f3\u0142ce rentowno\u015b\u0107 operacyjn\u0105 do 2008 roku.\"\n\n\"Z drugiej strony, wyniki sprzeda\u017cy tytu\u0142u pokazuj\u0105, \u017ce nie jest on w stanie odebra\u0107 >Faktowi< pierwszego miejsca na rynku. Dla por\u00f3wnania tabloid Axel Springer Polska mia\u0142 w tym tygodniu \u015bredni\u0105 sprzeda\u017c w wysoko\u015bci ok. 600 tys. egz.\" - informuje Gazeta Prawna.\n\n\"Sprawdzi\u0142y si\u0119 natomiast przewidywania anlityk\u00f3w, \u017ce motorem sprzeda\u017cy dziennika Agory b\u0119dzie intensywna reklama oraz tzw. wspomagacze sprzeda\u017cy &#8211; liczne konkursy, kt\u00f3re kusz\u0105 czytelnik\u00f3w atrakcyjnymi nagrodami. Agora ujawni\u0142a, \u017ce tylko do ko\u0144ca tego roku wyda na promocj\u0119 do 30 mln z\u0142, natomiast w przysz\u0142ym roku przeznaczy na to do 45 mln z\u0142. Czwartek, kiedy sprzeda\u017c >Nowego Dnia< wzros\u0142a do 280 tys. egz., potwierdzi\u0142, \u017ce motorem sprzeda\u017cy dziennika jest te\u017c dodatek telewizyjny, kt\u00f3ry do niego do\u0142\u0105czono.\" - pisze Gazeta Prawna. \n\n\"Zdaniem Dariusza Sachajko z domu mediowego Universal McCann, je\u015bli sprzeda\u017c dziennika na tym poziomie si\u0119 utrzyma, tv guide mo\u017ce by\u0107 zagro\u017ceniem nie dla >Faktu<, ale dla >Super Expressu<.\n&#8211; Tytu\u0142 zmieni\u0142 si\u0119 i ma charakter >tabloidu \u015brodka<, wi\u0119c jego czytelnicy mog\u0105 przej\u015b\u0107 do >Nowego Dnia<. Dlatego jego dodatek ukazuje si\u0119 w czwartek, dzie\u0144 przed programem >Super Expressu<. Agora liczy, \u017ce je\u015bli czytelnicy kupi\u0105 jej gazet\u0119, to w pi\u0105tek nie si\u0119gn\u0105 ju\u017c po tamten tabloid &#8211; dodaje.\" \n\n\"Na razie jednak, jak wynika z naszych informacji, >Super Express< nie straci\u0142 w pierwszym tygodniu na wej\u015bciu nowego dziennika Agory. Jego sprzeda\u017c by\u0142a bowiem zbli\u017cona do wrze\u015bniowej, gdy mia\u0142 220,6 tys. egz. (Dane ZKDP).\" - pisze Gazeta Prawna.\n<\/p>\n","protected":false},"excerpt":{"rendered":"&#8222;Dziennikowi >Nowy Dzie\u0144< Agory nie uda\u0142o si\u0119 utrzyma\u0107 dobrej sprzeda\u017cy, jak\u0105 osi\u0105gn\u0105\u0142 w dniu debiutu. Z 430 tys. egzemplarzy sprzedanych w poniedzia\u0142ek, w pi\u0105tek by\u0142o ju\u017c ponad dwa razy mniej.\" - czytamy w Gazecie Prawnej.","protected":false},"author":1,"featured_media":0,"comment_status":"open","ping_status":"closed","sticky":false,"template":"","format":"standard","meta":{"csco_display_header_overlay":false,"csco_singular_sidebar":"","csco_page_header_type":"","csco_page_load_nextpost":"","csco_post_video_location":[],"csco_post_video_location_hash":"","csco_post_video_url":"","csco_post_video_bg_start_time":0,"csco_post_video_bg_end_time":0,"footnotes":""},"categories":[9673],"tags":[],"class_list":{"0":"post-85034","1":"post","2":"type-post","3":"status-publish","4":"format-standard","6":"category-prasa","7":"cs-entry","8":"cs-video-wrap"},"_links":{"self":[{"href":"https:\/\/mediarun.com\/pl\/wp-json\/wp\/v2\/posts\/85034","targetHints":{"allow":["GET"]}}],"collection":[{"href":"https:\/\/mediarun.com\/pl\/wp-json\/wp\/v2\/posts"}],"about":[{"href":"https:\/\/mediarun.com\/pl\/wp-json\/wp\/v2\/types\/post"}],"author":[{"embeddable":true,"href":"https:\/\/mediarun.com\/pl\/wp-json\/wp\/v2\/users\/1"}],"replies":[{"embeddable":true,"href":"https:\/\/mediarun.com\/pl\/wp-json\/wp\/v2\/comments?post=85034"}],"version-history":[{"count":0,"href":"https:\/\/mediarun.com\/pl\/wp-json\/wp\/v2\/posts\/85034\/revisions"}],"wp:attachment":[{"href":"https:\/\/mediarun.com\/pl\/wp-json\/wp\/v2\/media?parent=85034"}],"wp:term":[{"taxonomy":"category","embeddable":true,"href":"https:\/\/mediarun.com\/pl\/wp-json\/wp\/v2\/categories?post=85034"},{"taxonomy":"post_tag","embeddable":true,"href":"https:\/\/mediarun.com\/pl\/wp-json\/wp\/v2\/tags?post=85034"}],"curies":[{"name":"wp","href":"https:\/\/api.w.org\/{rel}","templated":true}]}}