{"id":85029,"date":"2005-11-21T20:52:58","date_gmt":"2005-11-21T19:52:58","guid":{"rendered":"https:\/\/mediarun.com\/index.php\/news-posts\/wiecej-ludzi-w-cumulus\/"},"modified":"2005-11-21T20:52:58","modified_gmt":"2005-11-21T19:52:58","slug":"wiecej-ludzi-w-cumulus","status":"publish","type":"post","link":"https:\/\/mediarun.com\/pl\/trendy\/branding\/wiecej-ludzi-w-cumulus.html","title":{"rendered":"Wi\u0119cej ludzi w Cumulus"},"content":{"rendered":"<p>Anna Brachowicz przesz\u0142a do Cumulusa z publicznego Radia Lublin SA, gdzie przez ostatnie trzy lata zajmowa\u0142a stanowisko specjalisty ds. marketingu. Odpowiedzialna by\u0142a tam za promocj\u0119 radia i organizacj\u0119 event\u00f3w. Przygotowa\u0142a ponad 30 festyn\u00f3w i koncert\u00f3w, w tym z E.LECLERC. W Cumulusie zajmie si\u0119 obs\u0142ug\u0105 nowych klient\u00f3w. Anna Brachowicz jest absolwentk\u0105 Katolickiego Uniwersytetu Lubelskiego oraz Studium Reklamy Wy\u017cszej Szko\u0142y Promocji w Warszawie.<\/p>\n<p>Do Cumulusa do\u0142\u0105czy\u0142 tak\u017ce Mariusz Bo\u017cek, kt\u00f3ry od listopada 2005 r. obj\u0105\u0142 stanowisko designera. Do\u015bwiadczenie zawodowe zdobywa\u0142 w TVP o. \u0141\u00f3d\u017a, w agencji reklamowej Motyw, pracowni promocji wizualnej Estetlans, agencji reklamowej Noble House. Pracowa\u0142 tak\u017ce jako ilustrator dla czasopism: &#8220;Znakomiks&#8221; oraz &#8220;Talizman&#8221;. Od 2003 roku wsp\u00f3\u0142pracuje z firm\u0105 AX &#8211; producentem ubior\u00f3w &#8211; jako projektant wzor\u00f3w na tekstylia. Specjalno\u015bci\u0105 Mariusza Bo\u017cka s\u0105 komercyjne \u015brodki wyrazu artystycznego oraz komiks. Na swoim koncie ma ju\u017c kilkaset plansz komiksowych. Mariusz Bo\u017cek jest absolwentem Pa\u0144stwowego Liceum Sztuk Plastycznych w \u0141odzi. Nast\u0119pnie studiowa\u0142 na Akademii Sztuk Pi\u0119knych w Poznaniu &#8211; kierunek grafika u\u017cytkowa. <\/p>\n<p>&#8211; Nowi pracownicy zajm\u0105 si\u0119 w przede wszystkim obs\u0142ug\u0105 naszych nowych klient\u00f3w, kt\u00f3rych przej\u0119li\u015bmy w ostatnich miesi\u0105cach &#8211; m\u00f3wi Jan Matysik, dyrektor zarz\u0105dzaj\u0105cy agencji Cumulus. &#8211; Systematycznie zwi\u0119kszamy te\u017c liczb\u0119 projekt\u00f3w z zakresu public relations i grafiki komercyjnej z naszymi sta\u0142ymi Klientami, m.in. z Cementem O\u017car\u00f3w, Petro-Oil oraz dla ameryka\u0144skiej marki Prestone.<\/p>\n","protected":false},"excerpt":{"rendered":"Lubelska agencja Cumulus powi\u0119kszy\u0142a si\u0119 w listopadzie o dwie nowe osoby. Anna Brachowicz obj\u0119\u0142a stanowisko account managera, za\u015b Mariusz Bo\u017cek &#8211; stanowisko designera.","protected":false},"author":1,"featured_media":0,"comment_status":"open","ping_status":"closed","sticky":false,"template":"","format":"standard","meta":{"csco_display_header_overlay":false,"csco_singular_sidebar":"","csco_page_header_type":"","csco_page_load_nextpost":"","csco_post_video_location":[],"csco_post_video_location_hash":"","csco_post_video_url":"","csco_post_video_bg_start_time":0,"csco_post_video_bg_end_time":0,"footnotes":""},"categories":[9658],"tags":[],"class_list":{"0":"post-85029","1":"post","2":"type-post","3":"status-publish","4":"format-standard","6":"category-branding","7":"cs-entry","8":"cs-video-wrap"},"_links":{"self":[{"href":"https:\/\/mediarun.com\/pl\/wp-json\/wp\/v2\/posts\/85029","targetHints":{"allow":["GET"]}}],"collection":[{"href":"https:\/\/mediarun.com\/pl\/wp-json\/wp\/v2\/posts"}],"about":[{"href":"https:\/\/mediarun.com\/pl\/wp-json\/wp\/v2\/types\/post"}],"author":[{"embeddable":true,"href":"https:\/\/mediarun.com\/pl\/wp-json\/wp\/v2\/users\/1"}],"replies":[{"embeddable":true,"href":"https:\/\/mediarun.com\/pl\/wp-json\/wp\/v2\/comments?post=85029"}],"version-history":[{"count":0,"href":"https:\/\/mediarun.com\/pl\/wp-json\/wp\/v2\/posts\/85029\/revisions"}],"wp:attachment":[{"href":"https:\/\/mediarun.com\/pl\/wp-json\/wp\/v2\/media?parent=85029"}],"wp:term":[{"taxonomy":"category","embeddable":true,"href":"https:\/\/mediarun.com\/pl\/wp-json\/wp\/v2\/categories?post=85029"},{"taxonomy":"post_tag","embeddable":true,"href":"https:\/\/mediarun.com\/pl\/wp-json\/wp\/v2\/tags?post=85029"}],"curies":[{"name":"wp","href":"https:\/\/api.w.org\/{rel}","templated":true}]}}