{"id":85023,"date":"2005-11-21T23:21:42","date_gmt":"2005-11-21T22:21:42","guid":{"rendered":"https:\/\/mediarun.com\/index.php\/news-posts\/krrit-nowe-czestotliwosci-do-rozdania-2\/"},"modified":"2005-11-21T23:21:42","modified_gmt":"2005-11-21T22:21:42","slug":"krrit-nowe-czestotliwosci-do-rozdania-2","status":"publish","type":"post","link":"https:\/\/mediarun.com\/pl\/media\/radio\/krrit-nowe-czestotliwosci-do-rozdania-2.html","title":{"rendered":"KRRiT: nowe cz\u0119stotliwo\u015bci do rozdania"},"content":{"rendered":"<p>We Wroc\u0142awiu na cz\u0119stotliwo\u015bci 91,3 MHz b\u0119dzie nadawa\u0142 program wyspecjalizowany ze wzgl\u0119du na poruszan\u0105 tematyk\u0119 i odbiorc\u0119, koncentruj\u0105cy si\u0119 na problemach i dzia\u0142alno\u015bci wroc\u0142awskiego \u015brodowiska akademickiego i \u015brodowiska akademickiego jako ca\u0142o\u015bci. W programie pojawi\u0105 si\u0119 informacje dotycz\u0105ce problem\u00f3w i dzia\u0142alno\u015bci uczelni czy tw\u00f3rczo\u015bci \u015brodowiska akademickiego.<\/p>\n<p>&#8211; Cz\u0119stotliwo\u015b\u0107 91,3 MHz nie nale\u017cy do najszcz\u0119\u015bliwiej dobranych &#8211; o becnie w znacznej cz\u0119\u015bci Dolnego \u015al\u0105ska &#8211; w tym r\u00f3wnie\u017c i we Wroc\u0142awiu &#8211; mo\u017cna na niej s\u0142ucha\u0107 czeskiego programu CRo 1 nadawanego z g\u00f3ry Pradziad z moc\u0105 ERP 20,0 kW. Jednym z kandydat\u00f3w b\u0119dzie na pewno dzia\u0142aj\u0105ce na Politechnice Wroc\u0142awskiej internetowe Akademickie Radio Luz &#8211; informuje serwis RadioPolska.<\/p>\n<p>Z kolei na cz\u0119stotliwo\u015b\u0107 97,8 MHz r\u00f3wnie\u017c we Wroc\u0142awiu KRRiT udzieli koncesji podmiotowi chc\u0105ce nadawa\u0107 program o charakterze uniwersalnym z gwarantowanym udzia\u0142em wiadomo\u015bci lokalnych i publicystyki na temat problem\u00f3w lokalnych.<\/p>\n<p>O rozszerzenie koncesji w Koszalinie na cz\u0119stotliwo\u015bci 106,9 MHz i Szczecinie na 104,9 MHz mog\u0105 ubiega\u0107 si\u0119 stacje, kt\u00f3re nadaj\u0105 ca\u0142odobowy program o charakterze uniwersalnym, adresowanego do m\u0142odzie\u017cy w wieku 15-25 lat, rozpowszechnianego za pomoc\u0105 sieci, co najmniej dziesi\u0119ciu nadajnik\u00f3w. Jedynym podmiotem spe\u0142niaj\u0105cym te warunki jest Radiostacja.<\/p>\n<p>W Rybniku na kanale 22 oraz w \u017borach na kanale 30 b\u0119dzie mo\u017cna ogl\u0105da\u0107 nowy program lokalny nadawany nie kr\u00f3cej ni\u017c dwie godziny dziennie mi\u0119dzy godzin\u0105 6, a 23, z czego premiery maj\u0105 stanowi\u0107 nie mniej ni\u017c godzin\u0119.<\/p>\n","protected":false},"excerpt":{"rendered":"Krajowa Rada Radiofonii i Telewizji opublikowa\u0142a og\u0142oszenia dotycz\u0105ce mo\u017cliwo\u015bci ubiegania si\u0119 o nowe cz\u0119stotliwo\u015bci &#8211; cztery radiowe (dwie we Wroc\u0142awiu i po jednej w Szczecinie i Koszalinie) oraz dwie telewizyjne (Rybnik i \u017bory).","protected":false},"author":1,"featured_media":85024,"comment_status":"open","ping_status":"closed","sticky":false,"template":"","format":"standard","meta":{"csco_display_header_overlay":false,"csco_singular_sidebar":"","csco_page_header_type":"","csco_page_load_nextpost":"","csco_post_video_location":[],"csco_post_video_location_hash":"","csco_post_video_url":"","csco_post_video_bg_start_time":0,"csco_post_video_bg_end_time":0,"footnotes":""},"categories":[9672],"tags":[],"class_list":{"0":"post-85023","1":"post","2":"type-post","3":"status-publish","4":"format-standard","5":"has-post-thumbnail","7":"category-radio","8":"cs-entry","9":"cs-video-wrap"},"_links":{"self":[{"href":"https:\/\/mediarun.com\/pl\/wp-json\/wp\/v2\/posts\/85023","targetHints":{"allow":["GET"]}}],"collection":[{"href":"https:\/\/mediarun.com\/pl\/wp-json\/wp\/v2\/posts"}],"about":[{"href":"https:\/\/mediarun.com\/pl\/wp-json\/wp\/v2\/types\/post"}],"author":[{"embeddable":true,"href":"https:\/\/mediarun.com\/pl\/wp-json\/wp\/v2\/users\/1"}],"replies":[{"embeddable":true,"href":"https:\/\/mediarun.com\/pl\/wp-json\/wp\/v2\/comments?post=85023"}],"version-history":[{"count":0,"href":"https:\/\/mediarun.com\/pl\/wp-json\/wp\/v2\/posts\/85023\/revisions"}],"wp:featuredmedia":[{"embeddable":true,"href":"https:\/\/mediarun.com\/pl\/wp-json\/wp\/v2\/media\/85024"}],"wp:attachment":[{"href":"https:\/\/mediarun.com\/pl\/wp-json\/wp\/v2\/media?parent=85023"}],"wp:term":[{"taxonomy":"category","embeddable":true,"href":"https:\/\/mediarun.com\/pl\/wp-json\/wp\/v2\/categories?post=85023"},{"taxonomy":"post_tag","embeddable":true,"href":"https:\/\/mediarun.com\/pl\/wp-json\/wp\/v2\/tags?post=85023"}],"curies":[{"name":"wp","href":"https:\/\/api.w.org\/{rel}","templated":true}]}}