{"id":8502,"date":"2012-02-09T21:31:52","date_gmt":"2012-02-09T20:31:52","guid":{"rendered":"https:\/\/mediarun.com\/index.php\/news-posts\/tatiana-okupnik-mam-dobre-relacje-z-kosmitami\/"},"modified":"2012-02-09T21:31:52","modified_gmt":"2012-02-09T20:31:52","slug":"tatiana-okupnik-mam-dobre-relacje-z-kosmitami","status":"publish","type":"post","link":"https:\/\/mediarun.com\/pl\/media\/tv\/tatiana-okupnik-mam-dobre-relacje-z-kosmitami.html","title":{"rendered":"Tatiana Okupnik: mam dobre relacje z kosmitami"},"content":{"rendered":"<p><strong>Jak si\u0119 Pani czuje jako juror w &#8222;X Factor&#8221;?<\/strong><\/p>\n<p>Nie mia\u0142am \u017cadnych problem&oacute;w ze znalezieniem si\u0119 w tej sytuacji. Kiedy usiad\u0142am na jurorskim krzese\u0142ku, przy stole z ch\u0142opakami, poczu\u0142am t\u0119 pozytywn\u0105 atmosfer\u0119. Tym bardziej, \u017ce uczestnicy kt&oacute;rzy pojawiali si\u0119 na scenie, s\u0105 ogromnie utalentowani. A\u017c bywam zazdrosna, wkurzona, dlatego \u017ce niekt&oacute;rzy z nich maj\u0105 po 16-17 lat, a \u015bpiewaj\u0105 tak, jakby robili to co najmniej od 20 lat. Maj\u0105 wielki skarb w postaci talentu, wokalu i charyzmy.<\/p>\n<p>Niesamowite, \u017ce ci ludzie ju\u017c na starcie dysponuj\u0105 takim kapita\u0142em. Wielu wykonawc&oacute;w z polskiej sceny muzycznej nie mia\u0142o takiego szcz\u0119\u015bcia. Musieli\u015bmy si\u0119 szlifowa\u0107, poznawa\u0107 scen\u0119 i uczy\u0107 si\u0119 na w\u0142asnych b\u0142\u0119dach.<\/p>\n<p>W pi\u0119tnastce, kt&oacute;r\u0105 ju\u017c wybrali\u015bmy, mamy kilka prawdziwych pere\u0142ek. Zapowiadaj\u0105 si\u0119 spore emocje, m&oacute;wi\u0119 szczerze! Jestem fank\u0105 &#8222;X Factor&#8221;, ogl\u0105da\u0142am brytyjsk\u0105 edycj\u0119 i to, co tam si\u0119 dzia\u0142o zrobi\u0142o na mnie ogromne wra\u017cenie. Zastanawia\u0142am si\u0119, jak my sobie poradzimy w por&oacute;wnaniu do Zachodu. Teraz ju\u017c jestem spokojna.<\/p>\n<p><strong>Propozycja zostania jurork\u0105 dopasowa\u0142a si\u0119 do Pani plan&oacute;w zawodowych, czy trzeba je by\u0142o jednak zmodyfikowa\u0107?<\/strong><\/p>\n<p>Par\u0119 rzeczy wymaga\u0142o przesuni\u0119cia, ale g\u0142&oacute;wnie dlatego, \u017ce ta propozycja bardzo mnie zaskoczy\u0142a. Oczywi\u015bcie, by\u0142o to bardzo mi\u0142e, tym bardziej, \u017ce naprawd\u0119 jestem fank\u0105 &#8222;X Factor&#8221;.  Zdarza\u0142o si\u0119, \u017ce kiedy mia\u0142am mie\u0107 jakie\u015b wywiady, wyjazdy sobotnie, prosi\u0142am managera, czy nie da si\u0119 zagra\u0107 koncertu w pi\u0105tek, bo chcia\u0142abym obejrze\u0107 &#8222;X Factor&#8221;.<\/p>\n<p>Bardzo si\u0119 ciesz\u0119 z podj\u0119tej decyzji, poniewa\u017c nie tylko mam szans\u0119 pojawia\u0107 si\u0119 cz\u0119\u015bciej w Polsce, ale te\u017c cz\u0119\u015bciej odwiedza\u0107 rodzin\u0119. Poza tym nabra\u0142am wi\u0119kszego dystansu i pewne rzeczy mniej mnie denerwuj\u0105, bardzo sceptycznie podchodz\u0119 do tego, co si\u0119 dzieje dooko\u0142a. Podoba mi si\u0119, \u017ce tutaj jestem i tutaj pracuj\u0119, potem wracam do Anglii i robi\u0119 muzycznie swoje, koncertuj\u0119 i promuj\u0119 p\u0142yt\u0119.<\/p>\n<p><strong><br \/>Jakich talent&oacute;w na castingach by\u0142o najwi\u0119cej: os&oacute;b starszych, m\u0142odych wokalist&oacute;w, czy mo\u017ce grup?<\/strong><\/p>\n<p>We wszystkich grupach by\u0142o bardzo du\u017co utalentowanych ludzi, ale zdecydowanie grupa najm\u0142odszych by\u0142a t\u0105, kt&oacute;ra przysporzy\u0142a nam najwi\u0119cej problem&oacute;w, je\u015bli chodzi o wyb&oacute;r. Pojawi\u0142o si\u0119 du\u017co pere\u0142ek i by\u0142o bardzo trudno zredukowa\u0107 liczb\u0119 z 40 os&oacute;b do 5.<\/p>\n<p>By\u0142y osoby, kt&oacute;re s\u0105 bardzo utalentowane, ale kt&oacute;rym w por&oacute;wnaniu z pi\u0105tk\u0105, kt&oacute;r\u0105 w ko\u0144cu wybrali\u015bmy, w grupie m\u0142odych czy starszych czy zespo\u0142&oacute;w, czego\u015b zabrak\u0142o. Co nie oznacza, \u017ce one nie maj\u0105 talentu, ale \u017ce a\u017c by si\u0119 chcia\u0142o rozci\u0105gn\u0105\u0107 te grupy.<\/p>\n<p><strong>Czy my\u015bli Pani, \u017ce laureaci &#8222;X Factor&#8221; naprawd\u0119 maj\u0105 szans\u0119 zaistnie\u0107 na polskim rynku fonograficznym?<\/strong><\/p>\n<p>Uwa\u017cam, \u017ce maj\u0105 szans\u0119 zaistnie\u0107. Oni ca\u0142y czas funkcjonuj\u0105 w show biznesie. Wszyscy o nich m&oacute;wi\u0105, pytaj\u0105 o nich. To, co zrobi\u0105 z t\u0105 szans\u0105, kt&oacute;r\u0105 da\u0142 im &#8222;X Factor&#8221;, czas poka\u017ce, rzeczywisto\u015b\u0107 zweryfikuje. Ada Szulc, Gienek Loska i Micha\u0142 Szpak na razie radz\u0105 sobie dobrze, ca\u0142y czas si\u0119 utrzymuj\u0105 na fali. To, czy komu\u015b si\u0119 podoba to co oni robi\u0105, czy si\u0119 nie podoba, tak naprawd\u0119 nie ma znaczenia, oni znajd\u0105 swoich odbiorc&oacute;w. Zobaczymy, jak b\u0119d\u0105 radzi\u0107 sobie dalej.<\/p>\n<p><strong>Z kt&oacute;rym z juror&oacute;w ma Pani lepsze relacje?<\/strong><\/p>\n<p>Wiem, \u017ce wszyscy tylko czekaj\u0105 a\u017c powiem: &#8222;jego lubi\u0119, jego nie&#8221;. A w rzeczywisto\u015bci my we tr&oacute;jk\u0119 naprawd\u0119 si\u0119 lubimy. By\u0142y castingi, gdy wi\u0119ksza ni\u0107 porozumienia wi\u0105za\u0142a si\u0119 mi\u0119dzy mn\u0105 a Czes\u0142awem. Ale by\u0142y te\u017c takie momenty, \u017ce panowie rozmawiali tylko ze sob\u0105, a ja siedzia\u0142am po \u015brodku zostawiona sama sobie. Natomiast z Kub\u0105 te\u017c jest genialnie, momentami miewamy g\u0142upawki i na przyk\u0142ad m&oacute;wimy do siebie wierszem.<\/p>\n<p>Emocje, kt&oacute;re s\u0105 mi\u0119dzy nami nie s\u0105 re\u017cyserowane, nie da si\u0119 przecie\u017c ca\u0142y dzie\u0144 re\u017cyserowa\u0107 tego, co do siebie m&oacute;wimy. W kt&oacute;rym\u015b momencie musia\u0142yby nam pu\u015bci\u0107 nerwy. Gdybym nie lubi\u0142a Kuby, uderzy\u0142abym go, Czes\u0142awa mog\u0142abym ugry\u017a\u0107. Nic takiego si\u0119 nie dzieje, nawet je\u015bli si\u0119 nie zgadzamy, to z przymro\u017ceniem oka.<\/p>\n<p><strong><br \/>Zna\u0142a Pani Kub\u0119 Wojewodzkiego&nbsp;i Czes\u0142awa Mozila wcze\u015bniej?<\/strong><\/p>\n<p>Nie, Czes\u0142awa nie zna\u0142am. Kub\u0119 &#8211; tak, z naszych wcze\u015bniejszych spotka\u0144 w trakcie jego programu. By\u0142am u niego chyba 3 razy i zawsze by\u0142o sympatycznie. Natomiast Czes\u0142awa pozna\u0142am na pierwszym dniu castingu w Zabrzu, prawie przy stole jurorskim. By\u0142o bardzo ma\u0142o czasu, kr&oacute;tkie spotkanie z re\u017cyserem, nie by\u0142o chwili, \u017ceby porozmawia\u0107. Ale czuj\u0119 si\u0119 tak, jakbym zna\u0142a go d\u0142u\u017cej. Mo\u017ce dlatego, \u017ce jest kosmit\u0105, a ja mam dobre relacje z kosmitami.<\/p>\n<p><strong>Jak si\u0119 Pani czuje jako nast\u0119pca Mai Sablewskiej? Nie mia\u0142a Pani obaw, \u017ce nie sprosta oczekiwaniom?<\/strong><\/p>\n<p>Ja si\u0119 nie ba\u0142am, podejrzewam, \u017ce produkcja mia\u0142a wi\u0119kszy stres. Dla mnie to by\u0142o zupe\u0142nie nowe do\u015bwiadczenie, nie widzia\u0142am pierwszej polskiej edycji. Produkcja mia\u0142a pewnie jakie\u015b oczekiwania i wyobra\u017cenia. Podobno castingi ich uspokoi\u0142y.  Takie zmiany w programach s\u0105 do\u015b\u0107 bolesne, nie tylko dla reszty juror&oacute;w, ale te\u017c dla produkcji.<\/p>\n<p><strong><br \/>Czy muzykowi \u0142atwo jest krytykowa\u0107 innego wykonawc\u0119?<\/strong><\/p>\n<p>Mog\u0119 sobie pozwoli\u0107 na oceny merytoryczne, poniewa\u017c sama przez wiele lat pracowa\u0142am nad emisj\u0105 g\u0142osu. Mog\u0119 podpowiedzie\u0107 uczestnikom par\u0119 rzeczy, kt&oacute;re robi\u0105 \u017ale. Je\u017celi m&oacute;wi\u0119 &#8222;nie&#8221;, to staram si\u0119 t\u0142umaczy\u0107, dlaczego &#8211; mo\u017ce to jeszcze nie jest ten etap, mo\u017ce jeszcze trzeba popracowa\u0107 przez najbli\u017cszy rok i przyj\u015b\u0107 na castingi do kolejnej edycji.<\/p>\n<p>Nie podchodz\u0119 do tego z za\u0142o\u017ceniem, \u017ce decyduj\u0119 o \u017cyciu tych ludzi. Wiem, \u017ce przychodz\u0105 prze\u017cy\u0107 jak\u0105\u015b przygod\u0119, maj\u0105 swoje marzenia i je\u017celi m&oacute;wi\u0119 &#8222;nie&#8221;, to nie staram si\u0119 ich wcisn\u0105\u0107 w scen\u0119 i powiedzie\u0107, \u017ce s\u0105 beznadziejni. Nie mam takiego prawa, nie mog\u0119 im przecie\u017c powiedzie\u0107, \u017ce si\u0119 nie nadaj\u0105.<\/p>\n<p><strong><br \/>Czyli nie b\u0119dzie kontrowersyjnych opinii?<\/strong><\/p>\n<p>Kontrowersyjne mog\u0105 by\u0107. Ale zawsze krytykuj\u0105c, stara\u0142am si\u0119 by\u0107 dla takiej osoby ciep\u0142a. Wydaje mi si\u0119, \u017ce to b\u0119dzie dobrze wida\u0107 podczas naszych debat jurorskich.<\/p>\n<p><strong><br \/>Wzi\u0119\u0142aby Pani udzia\u0142 w &#8222;X Factor&#8221; jako uczestnik?<\/strong><\/p>\n<p>Nigdy nie m&oacute;wi\u0119 nigdy, ale na dzie\u0144 dzisiejszy odpowied\u017a brzmi: &#8222;nie&#8221;.<\/p>\n<p style=\"text-align: right;\">Rozmawia\u0142a Aleksandra Prejs<\/p>\n<p style=\"text-align: left;\"><strong><a href=\"http:\/\/wiadomosci.mediarun.pl\/artykul\/media-telewizja,piec-nowosci-wiosna-w-tvn-wideo,37838,4,1,1.html\" target=\"_blank\" rel=\"noopener\">+ Pi\u0119\u0107 nowo\u015bci wiosn\u0105 w TVN (wideo)<\/a><\/strong><\/p>\n","protected":false},"excerpt":{"rendered":"O krytykowaniu, talencie, Czes\u0142awie Mozilu i Kubie Wojew&oacute;dzkim rozmawiamy z Tatian\u0105 Okupnik, now\u0105 jurork\u0105 programu &#8222;X Factor&#8221;.","protected":false},"author":1,"featured_media":8503,"comment_status":"open","ping_status":"closed","sticky":false,"template":"","format":"standard","meta":{"csco_display_header_overlay":false,"csco_singular_sidebar":"","csco_page_header_type":"","csco_page_load_nextpost":"","csco_post_video_location":[],"csco_post_video_location_hash":"","csco_post_video_url":"","csco_post_video_bg_start_time":0,"csco_post_video_bg_end_time":0,"footnotes":""},"categories":[9670],"tags":[98,319],"class_list":{"0":"post-8502","1":"post","2":"type-post","3":"status-publish","4":"format-standard","5":"has-post-thumbnail","7":"category-tv","8":"tag-tvn","9":"tag-x-factor","10":"cs-entry","11":"cs-video-wrap"},"_links":{"self":[{"href":"https:\/\/mediarun.com\/pl\/wp-json\/wp\/v2\/posts\/8502","targetHints":{"allow":["GET"]}}],"collection":[{"href":"https:\/\/mediarun.com\/pl\/wp-json\/wp\/v2\/posts"}],"about":[{"href":"https:\/\/mediarun.com\/pl\/wp-json\/wp\/v2\/types\/post"}],"author":[{"embeddable":true,"href":"https:\/\/mediarun.com\/pl\/wp-json\/wp\/v2\/users\/1"}],"replies":[{"embeddable":true,"href":"https:\/\/mediarun.com\/pl\/wp-json\/wp\/v2\/comments?post=8502"}],"version-history":[{"count":0,"href":"https:\/\/mediarun.com\/pl\/wp-json\/wp\/v2\/posts\/8502\/revisions"}],"wp:featuredmedia":[{"embeddable":true,"href":"https:\/\/mediarun.com\/pl\/wp-json\/wp\/v2\/media\/8503"}],"wp:attachment":[{"href":"https:\/\/mediarun.com\/pl\/wp-json\/wp\/v2\/media?parent=8502"}],"wp:term":[{"taxonomy":"category","embeddable":true,"href":"https:\/\/mediarun.com\/pl\/wp-json\/wp\/v2\/categories?post=8502"},{"taxonomy":"post_tag","embeddable":true,"href":"https:\/\/mediarun.com\/pl\/wp-json\/wp\/v2\/tags?post=8502"}],"curies":[{"name":"wp","href":"https:\/\/api.w.org\/{rel}","templated":true}]}}