{"id":85008,"date":"2005-11-22T02:30:37","date_gmt":"2005-11-22T01:30:37","guid":{"rendered":"https:\/\/mediarun.com\/index.php\/news-posts\/niechciany-ozon\/"},"modified":"2005-11-22T02:30:37","modified_gmt":"2005-11-22T01:30:37","slug":"niechciany-ozon","status":"publish","type":"post","link":"https:\/\/mediarun.com\/pl\/media\/prasa\/niechciany-ozon.html","title":{"rendered":"Niechciany Ozon"},"content":{"rendered":"<p>&#8211; W ubieg\u0142ym tygodniu bran\u017cowy miesi\u0119cznik &#8222;Press&#8221; poinformowa\u0142 w swoim serwisie elektronicznym, \u017ce Austriacy maj\u0105 ju\u017c wkr\u00f3tce podpisa\u0107 list intencyjny w sprawie zakupu udzia\u0142\u00f3w w Ozon Media. Micha\u0142 Je\u017cewski, prezes Ozon Media, nie zdementowa\u0142 tych informacji. Zaznaczy\u0142 jednak, \u017ce Styria Medien &#8211; cho\u0107 nie z\u0142o\u017cy\u0142a jeszcze oferty &#8211; jest jednym z czterech zagranicznych inwestor\u00f3w, kt\u00f3rzy s\u0105 wst\u0119pnie zainteresowani zakupem sp\u00f3\u0142ki. &#8211; czytamy w &#8222;Gazecie Wyborczej&#8221;<\/p>\n<p>&#8222;Nie jeste\u015bmy zainteresowani sp\u00f3\u0142k\u0105 Ozon Media i nie zamierzamy si\u0119 ubiega\u0107 o jej zakup. Ponadto nie planujemy inwestycji na polskim rynku w najbli\u017cszej przysz\u0142o\u015bci, gdy\u017c strategicznie koncentrujemy si\u0119 na dzia\u0142alno\u015bci w Austrii, Chorwacji i S\u0142owenii&#8221; &#8211; czytamy w komunikacie Styria Medien, do kt\u00f3rej nale\u017c\u0105 takie tytu\u0142y, jak &#8222;Die Presse&#8221;, &#8222;Kleine Zeitung&#8221; czy &#8222;Elite&#8221;. &#8211; &#8222;To mo\u017ce by\u0107 tylko nieporozumienie&#8221; &#8211; o\u015bwiadczy\u0142a podpisana pod komunikatem Mirjam Zisler, asystentka zarz\u0105du Styria Medien.<\/p>\n","protected":false},"excerpt":{"rendered":"&#8211; Zarz\u0105d Styria Medien dementuje spekulacje na temat ewentualnych inwestycji w sp\u00f3\u0142k\u0119 Ozon Media wydaj\u0105c\u0105 tygodnik &#8222;Ozon&#8221;. &#8211; informuje &#8222;Gazeta Wyborcza&#8221; &#8211; To mo\u017ce by\u0107 tylko nieporozumienie &#8211; o\u015bwiadczy\u0142a Mirjam Zisler, asystentka zarz\u0105du austriackiej grupy wydawniczej","protected":false},"author":1,"featured_media":0,"comment_status":"open","ping_status":"closed","sticky":false,"template":"","format":"standard","meta":{"csco_display_header_overlay":false,"csco_singular_sidebar":"","csco_page_header_type":"","csco_page_load_nextpost":"","csco_post_video_location":[],"csco_post_video_location_hash":"","csco_post_video_url":"","csco_post_video_bg_start_time":0,"csco_post_video_bg_end_time":0,"footnotes":""},"categories":[9673],"tags":[],"class_list":{"0":"post-85008","1":"post","2":"type-post","3":"status-publish","4":"format-standard","6":"category-prasa","7":"cs-entry","8":"cs-video-wrap"},"_links":{"self":[{"href":"https:\/\/mediarun.com\/pl\/wp-json\/wp\/v2\/posts\/85008","targetHints":{"allow":["GET"]}}],"collection":[{"href":"https:\/\/mediarun.com\/pl\/wp-json\/wp\/v2\/posts"}],"about":[{"href":"https:\/\/mediarun.com\/pl\/wp-json\/wp\/v2\/types\/post"}],"author":[{"embeddable":true,"href":"https:\/\/mediarun.com\/pl\/wp-json\/wp\/v2\/users\/1"}],"replies":[{"embeddable":true,"href":"https:\/\/mediarun.com\/pl\/wp-json\/wp\/v2\/comments?post=85008"}],"version-history":[{"count":0,"href":"https:\/\/mediarun.com\/pl\/wp-json\/wp\/v2\/posts\/85008\/revisions"}],"wp:attachment":[{"href":"https:\/\/mediarun.com\/pl\/wp-json\/wp\/v2\/media?parent=85008"}],"wp:term":[{"taxonomy":"category","embeddable":true,"href":"https:\/\/mediarun.com\/pl\/wp-json\/wp\/v2\/categories?post=85008"},{"taxonomy":"post_tag","embeddable":true,"href":"https:\/\/mediarun.com\/pl\/wp-json\/wp\/v2\/tags?post=85008"}],"curies":[{"name":"wp","href":"https:\/\/api.w.org\/{rel}","templated":true}]}}