{"id":85006,"date":"2005-11-22T02:34:51","date_gmt":"2005-11-22T01:34:51","guid":{"rendered":"https:\/\/mediarun.com\/index.php\/news-posts\/zastrzezenia-wobec-fuzji-w-niemczech\/"},"modified":"2005-11-22T02:34:51","modified_gmt":"2005-11-22T01:34:51","slug":"zastrzezenia-wobec-fuzji-w-niemczech","status":"publish","type":"post","link":"https:\/\/mediarun.com\/pl\/media\/prasa\/zastrzezenia-wobec-fuzji-w-niemczech.html","title":{"rendered":"Zastrze\u017cenia wobec fuzji w Niemczech"},"content":{"rendered":"<p>&#8211; O swoich zastrze\u017ceniach co do fuzji Bundeskartellamt poinformowa\u0142 w poniedzia\u0142kowym komunikacie. Urz\u0105d ma podj\u0105\u0107 decyzj\u0119 w tej sprawie do ko\u0144ca tego roku. \u0141\u0105cz\u0105ce si\u0119 sp\u00f3\u0142ki maj\u0105 teraz trzy tygodnie na to, \u017ceby przekona\u0107 urz\u0105d do tego, \u017ce transakcja nie os\u0142abi konkurencji na niemieckim rynku reklamy telewizyjnej i nie umocni pozycji Axel Springer na rynku reklamy prasowej. &#8211; informuje &#8222;Gazeta Wyborcza&#8221;<\/p>\n","protected":false},"excerpt":{"rendered":"Niemiecki urz\u0105d antymonopolowy ma obawy co do przej\u0119cia sp\u00f3\u0142ki ProSiebenSat.1 przez koncern prasowy Axel Springer. &#8211; czytamy w &#8222;Gazecie Wyborczej&#8221;","protected":false},"author":1,"featured_media":0,"comment_status":"open","ping_status":"closed","sticky":false,"template":"","format":"standard","meta":{"csco_display_header_overlay":false,"csco_singular_sidebar":"","csco_page_header_type":"","csco_page_load_nextpost":"","csco_post_video_location":[],"csco_post_video_location_hash":"","csco_post_video_url":"","csco_post_video_bg_start_time":0,"csco_post_video_bg_end_time":0,"footnotes":""},"categories":[9673],"tags":[],"class_list":{"0":"post-85006","1":"post","2":"type-post","3":"status-publish","4":"format-standard","6":"category-prasa","7":"cs-entry","8":"cs-video-wrap"},"_links":{"self":[{"href":"https:\/\/mediarun.com\/pl\/wp-json\/wp\/v2\/posts\/85006","targetHints":{"allow":["GET"]}}],"collection":[{"href":"https:\/\/mediarun.com\/pl\/wp-json\/wp\/v2\/posts"}],"about":[{"href":"https:\/\/mediarun.com\/pl\/wp-json\/wp\/v2\/types\/post"}],"author":[{"embeddable":true,"href":"https:\/\/mediarun.com\/pl\/wp-json\/wp\/v2\/users\/1"}],"replies":[{"embeddable":true,"href":"https:\/\/mediarun.com\/pl\/wp-json\/wp\/v2\/comments?post=85006"}],"version-history":[{"count":0,"href":"https:\/\/mediarun.com\/pl\/wp-json\/wp\/v2\/posts\/85006\/revisions"}],"wp:attachment":[{"href":"https:\/\/mediarun.com\/pl\/wp-json\/wp\/v2\/media?parent=85006"}],"wp:term":[{"taxonomy":"category","embeddable":true,"href":"https:\/\/mediarun.com\/pl\/wp-json\/wp\/v2\/categories?post=85006"},{"taxonomy":"post_tag","embeddable":true,"href":"https:\/\/mediarun.com\/pl\/wp-json\/wp\/v2\/tags?post=85006"}],"curies":[{"name":"wp","href":"https:\/\/api.w.org\/{rel}","templated":true}]}}