{"id":85004,"date":"2005-11-22T02:45:14","date_gmt":"2005-11-22T01:45:14","guid":{"rendered":"https:\/\/mediarun.com\/index.php\/news-posts\/ugoda-w-procesie-lis-tvn\/"},"modified":"2005-11-22T02:45:14","modified_gmt":"2005-11-22T01:45:14","slug":"ugoda-w-procesie-lis-tvn","status":"publish","type":"post","link":"https:\/\/mediarun.com\/pl\/media\/tv\/ugoda-w-procesie-lis-tvn.html","title":{"rendered":"Ugoda w procesie Lis-TVN?"},"content":{"rendered":"<p>&#8211; Chodzi o zwolnienie go z pracy. W zesz\u0142ym roku pojawi\u0142y si\u0119 w mediach wyniki sonda\u017cu na temat wybor\u00f3w. Polacy widzieli w Lisie przysz\u0142ego prezydenta. Innego zdania by\u0142a TVN i w styczniu 2004 r. dziennikarza odsuni\u0119to od prowadzenia &#8222;Fakt\u00f3w&#8221;. Miesi\u0105c p\u00f3\u017aniej  zwolniono. Teraz strony rozpocz\u0119\u0142y rozmowy w sprawie ugody. S\u0105d okr\u0119gowy odroczy\u0142 rozpraw\u0119 do 27 stycznia przysz\u0142ego roku. Tomasz Lis jest cz\u0142onkiem zarz\u0105du Polsatu. &#8211; donosi dziennik<\/p>\n","protected":false},"excerpt":{"rendered":"&#8211; By\u0107 mo\u017ce tym razem to Tomasz Lis zwolni TVN od odpowiedzialno\u015bci. Mo\u017ce doj\u015b\u0107 do ugody w procesie, kt\u00f3ry dziennikarz wytoczy\u0142 stacji TVN. &#8211; czytamy w &#8222;Super Expressie&#8221;","protected":false},"author":1,"featured_media":85005,"comment_status":"open","ping_status":"closed","sticky":false,"template":"","format":"standard","meta":{"csco_display_header_overlay":false,"csco_singular_sidebar":"","csco_page_header_type":"","csco_page_load_nextpost":"","csco_post_video_location":[],"csco_post_video_location_hash":"","csco_post_video_url":"","csco_post_video_bg_start_time":0,"csco_post_video_bg_end_time":0,"footnotes":""},"categories":[9670],"tags":[],"class_list":{"0":"post-85004","1":"post","2":"type-post","3":"status-publish","4":"format-standard","5":"has-post-thumbnail","7":"category-tv","8":"cs-entry","9":"cs-video-wrap"},"_links":{"self":[{"href":"https:\/\/mediarun.com\/pl\/wp-json\/wp\/v2\/posts\/85004","targetHints":{"allow":["GET"]}}],"collection":[{"href":"https:\/\/mediarun.com\/pl\/wp-json\/wp\/v2\/posts"}],"about":[{"href":"https:\/\/mediarun.com\/pl\/wp-json\/wp\/v2\/types\/post"}],"author":[{"embeddable":true,"href":"https:\/\/mediarun.com\/pl\/wp-json\/wp\/v2\/users\/1"}],"replies":[{"embeddable":true,"href":"https:\/\/mediarun.com\/pl\/wp-json\/wp\/v2\/comments?post=85004"}],"version-history":[{"count":0,"href":"https:\/\/mediarun.com\/pl\/wp-json\/wp\/v2\/posts\/85004\/revisions"}],"wp:featuredmedia":[{"embeddable":true,"href":"https:\/\/mediarun.com\/pl\/wp-json\/wp\/v2\/media\/85005"}],"wp:attachment":[{"href":"https:\/\/mediarun.com\/pl\/wp-json\/wp\/v2\/media?parent=85004"}],"wp:term":[{"taxonomy":"category","embeddable":true,"href":"https:\/\/mediarun.com\/pl\/wp-json\/wp\/v2\/categories?post=85004"},{"taxonomy":"post_tag","embeddable":true,"href":"https:\/\/mediarun.com\/pl\/wp-json\/wp\/v2\/tags?post=85004"}],"curies":[{"name":"wp","href":"https:\/\/api.w.org\/{rel}","templated":true}]}}