{"id":85002,"date":"2005-11-22T02:56:29","date_gmt":"2005-11-22T01:56:29","guid":{"rendered":"https:\/\/mediarun.com\/index.php\/news-posts\/z-katowic-na-szefa-tvp3\/"},"modified":"2005-11-22T02:56:29","modified_gmt":"2005-11-22T01:56:29","slug":"z-katowic-na-szefa-tvp3","status":"publish","type":"post","link":"https:\/\/mediarun.com\/pl\/media\/tv\/z-katowic-na-szefa-tvp3.html","title":{"rendered":"Z Katowic na szefa TVP3?"},"content":{"rendered":"<p>&#8211; Jak uda\u0142o nam si\u0119 wczoraj dowiedzie\u0107, propozycja zwi\u0105zana z Wojciechowskim jest dopiero na wst\u0119pnym etapie. Fakt, \u017ce zbiera on wysokie noty nie ma w tym przypadku wielkiego znaczenia, bo TVP czeka wielka, strukturalna reorganizacja. Szczeg\u00f3\u0142y nie s\u0105 znane, ale w ka\u017cdym nowym rozdanin szanse Wojciechowskiego b\u0119d\u0105 du\u017ce. Jest on jedn\u0105 z kilku wa\u017cnych postaci w telewizji, kt\u00f3rej Prawo i Sprawiedliwo\u015b\u0107 mo\u017ce zaufa\u0107. Przed obj\u0119ciem stanowiska w Katowicach nosi\u0142 w kieszeni legitymacj\u0119 tej partii; gdy zosta\u0142 dyrektorem, zrezygnowa\u0142 z zaanga\u017cowania politycznego. Wojciechowski nie chce na razie komentowa\u0107 spekulacji na sw\u00f3j temat i utrzymuje, \u017ce do tej pory \u017cadna propozycja pod jego adresem nie padla. &#8211; pisze &#8222;Dziennik Zachodni&#8221;<\/p>\n","protected":false},"excerpt":{"rendered":"W Telewizji Katowice od kilku dni huczy od plotek na temat ewentualnego odej\u015bcia z pracy dyrektora o\u015brodka, Macieja Wojciechowskiego. Ledwie obj\u0105\u0142 on stanowisko szefa TV Katowice, a ju\u017c typowany jest na szefa og\u00f3lnopolskiego programu TVP3 &#8211; czytamy w &#8222;Dzienniku Zachodnim&#8221;","protected":false},"author":1,"featured_media":85003,"comment_status":"open","ping_status":"closed","sticky":false,"template":"","format":"standard","meta":{"csco_display_header_overlay":false,"csco_singular_sidebar":"","csco_page_header_type":"","csco_page_load_nextpost":"","csco_post_video_location":[],"csco_post_video_location_hash":"","csco_post_video_url":"","csco_post_video_bg_start_time":0,"csco_post_video_bg_end_time":0,"footnotes":""},"categories":[9670],"tags":[],"class_list":{"0":"post-85002","1":"post","2":"type-post","3":"status-publish","4":"format-standard","5":"has-post-thumbnail","7":"category-tv","8":"cs-entry","9":"cs-video-wrap"},"_links":{"self":[{"href":"https:\/\/mediarun.com\/pl\/wp-json\/wp\/v2\/posts\/85002","targetHints":{"allow":["GET"]}}],"collection":[{"href":"https:\/\/mediarun.com\/pl\/wp-json\/wp\/v2\/posts"}],"about":[{"href":"https:\/\/mediarun.com\/pl\/wp-json\/wp\/v2\/types\/post"}],"author":[{"embeddable":true,"href":"https:\/\/mediarun.com\/pl\/wp-json\/wp\/v2\/users\/1"}],"replies":[{"embeddable":true,"href":"https:\/\/mediarun.com\/pl\/wp-json\/wp\/v2\/comments?post=85002"}],"version-history":[{"count":0,"href":"https:\/\/mediarun.com\/pl\/wp-json\/wp\/v2\/posts\/85002\/revisions"}],"wp:featuredmedia":[{"embeddable":true,"href":"https:\/\/mediarun.com\/pl\/wp-json\/wp\/v2\/media\/85003"}],"wp:attachment":[{"href":"https:\/\/mediarun.com\/pl\/wp-json\/wp\/v2\/media?parent=85002"}],"wp:term":[{"taxonomy":"category","embeddable":true,"href":"https:\/\/mediarun.com\/pl\/wp-json\/wp\/v2\/categories?post=85002"},{"taxonomy":"post_tag","embeddable":true,"href":"https:\/\/mediarun.com\/pl\/wp-json\/wp\/v2\/tags?post=85002"}],"curies":[{"name":"wp","href":"https:\/\/api.w.org\/{rel}","templated":true}]}}