{"id":84988,"date":"2005-11-22T06:00:00","date_gmt":"2005-11-22T05:00:00","guid":{"rendered":"https:\/\/mediarun.com\/index.php\/news-posts\/styria-medien-nie-chce-ozonu\/"},"modified":"2005-11-22T06:00:00","modified_gmt":"2005-11-22T05:00:00","slug":"styria-medien-nie-chce-ozonu","status":"publish","type":"post","link":"https:\/\/mediarun.com\/pl\/media\/prasa\/styria-medien-nie-chce-ozonu.html","title":{"rendered":"Styria Medien nie chce Ozonu"},"content":{"rendered":"<p>&nbsp;&#8211; o\u015bwiadczy\u0142a Mirjam Zisler, asystentka zarz\u0105du austriackiej grupy wydawniczej.<BR><BR>W ubieg\u0142ym tygodniu bran\u017cowy miesi\u0119cznik Press poinformowa\u0142 w swoim serwisie elektronicznym, \u017ce Austriacy maj\u0105 ju\u017c wkr\u00f3tce podpisa\u0107 list intencyjny w sprawie zakupu udzia\u0142\u00f3w w Ozon Media. Micha\u0142 Je\u017cewski, prezes Ozon Media, nie zdementowa\u0142 tych informacji. Zaznaczy\u0142 jednak, \u017ce Styria Medien &#8211; cho\u0107 nie z\u0142o\u017cy\u0142a jeszcze oferty &#8211; jest jednym z czterech zagranicznych inwestor\u00f3w, kt\u00f3rzy s\u0105 wst\u0119pnie zainteresowani zakupem sp\u00f3\u0142ki. Jak ju\u017c pisali\u015bmy, inwestora bran\u017cowego dla tygodnika na zlecenie udzia\u0142owc\u00f3w Ozon Media szuka austriacki Erste Bank.<BR><BR>Austriacki wydawca odpowiedzia\u0142 na nasze pytania z op\u00f3\u017anieniem, ale ta kr\u00f3tka odpowied\u017a nie pozostawia z\u0142udze\u0144. &#8222;Nie jeste\u015bmy zainteresowani sp\u00f3\u0142k\u0105 Ozon Media i nie zamierzamy si\u0119 ubiega\u0107 o jej zakup. Ponadto nie planujemy inwestycji na polskim rynku w najbli\u017cszej przysz\u0142o\u015bci, gdy\u017c strategicznie koncentrujemy si\u0119 na dzia\u0142alno\u015bci w Austrii, Chorwacji i S\u0142owenii&#8221; &#8211; czytamy w komunikacie Styria Medien, do kt\u00f3rej nale\u017c\u0105 takie tytu\u0142y, jak Die Presse, Kleine Zeitung czy Elite. &#8211; &#8222;To mo\u017ce by\u0107 tylko nieporozumienie&#8221; &#8211; o\u015bwiadczy\u0142a podpisana pod komunikatem Mirjam Zisler, asystentka zarz\u0105du Styria Medien.<BR><BR>Ozon zadebiutowa\u0142 w kwietniu tego roku. Wywodz\u0105cy si\u0119 z konserwatywnego, chrze\u015bcija\u0144skiego kwartalnika Fronda Micha\u0142 Je\u017cewski (wydawca) i Grzegorz G\u00f3rny (redaktor naczelny) kieruj\u0105 pismem od lipca, kiedy do dymisji poda\u0142o si\u0119 poprzednie kierownictwo. Pod ich rz\u0105dami tygodnik zyska\u0142 wyra\u017any konserwatywny, katolicki charakter. Ostatnie listopadowe numery &#8222;Ozonu&#8221; sprzedawa\u0142y si\u0119 &#8211; wed\u0142ug danych wydawcy &#8211; na poziomie 40 tys. egzemplarzy.<\/p>\n","protected":false},"excerpt":{"rendered":"Zarz\u0105d Styria Medien dementuje spekulacje na temat ewentualnych inwestycji w sp\u00f3\u0142k\u0119 Ozon Media wydaj\u0105c\u0105 tygodnik Ozon. &#8211; To mo\u017ce by\u0107 tylko nieporozumienie&#8230;","protected":false},"author":1,"featured_media":84989,"comment_status":"open","ping_status":"closed","sticky":false,"template":"","format":"standard","meta":{"csco_display_header_overlay":false,"csco_singular_sidebar":"","csco_page_header_type":"","csco_page_load_nextpost":"","csco_post_video_location":[],"csco_post_video_location_hash":"","csco_post_video_url":"","csco_post_video_bg_start_time":0,"csco_post_video_bg_end_time":0,"footnotes":""},"categories":[9673],"tags":[],"class_list":{"0":"post-84988","1":"post","2":"type-post","3":"status-publish","4":"format-standard","5":"has-post-thumbnail","7":"category-prasa","8":"cs-entry","9":"cs-video-wrap"},"_links":{"self":[{"href":"https:\/\/mediarun.com\/pl\/wp-json\/wp\/v2\/posts\/84988","targetHints":{"allow":["GET"]}}],"collection":[{"href":"https:\/\/mediarun.com\/pl\/wp-json\/wp\/v2\/posts"}],"about":[{"href":"https:\/\/mediarun.com\/pl\/wp-json\/wp\/v2\/types\/post"}],"author":[{"embeddable":true,"href":"https:\/\/mediarun.com\/pl\/wp-json\/wp\/v2\/users\/1"}],"replies":[{"embeddable":true,"href":"https:\/\/mediarun.com\/pl\/wp-json\/wp\/v2\/comments?post=84988"}],"version-history":[{"count":0,"href":"https:\/\/mediarun.com\/pl\/wp-json\/wp\/v2\/posts\/84988\/revisions"}],"wp:featuredmedia":[{"embeddable":true,"href":"https:\/\/mediarun.com\/pl\/wp-json\/wp\/v2\/media\/84989"}],"wp:attachment":[{"href":"https:\/\/mediarun.com\/pl\/wp-json\/wp\/v2\/media?parent=84988"}],"wp:term":[{"taxonomy":"category","embeddable":true,"href":"https:\/\/mediarun.com\/pl\/wp-json\/wp\/v2\/categories?post=84988"},{"taxonomy":"post_tag","embeddable":true,"href":"https:\/\/mediarun.com\/pl\/wp-json\/wp\/v2\/tags?post=84988"}],"curies":[{"name":"wp","href":"https:\/\/api.w.org\/{rel}","templated":true}]}}