{"id":84983,"date":"2005-11-22T06:00:00","date_gmt":"2005-11-22T05:00:00","guid":{"rendered":"https:\/\/mediarun.com\/index.php\/news-posts\/roznorodnosc-w-oczach-mlodych-europejczykow\/"},"modified":"2005-11-22T06:00:00","modified_gmt":"2005-11-22T05:00:00","slug":"roznorodnosc-w-oczach-mlodych-europejczykow","status":"publish","type":"post","link":"https:\/\/mediarun.com\/pl\/wydarzenia\/roznorodnosc-w-oczach-mlodych-europejczykow.html","title":{"rendered":"R\u00f3\u017cnorodno\u015b\u0107 w oczach m\u0142odych Europejczyk\u00f3w"},"content":{"rendered":"<p><P>Najlepsze zdj\u0119cia nades\u0142ane na konkurs zostan\u0105 wykorzystane w materia\u0142ach informacyjnych i w dzia\u0142aniach promocyjnych wspieraj\u0105cych kampani\u0119 przeciwko dyskryminacji, zaplanowanych na rok 2006. Konkurs jest kolejnym elementem trwaj\u0105cej od 2003 roku kampanii spo\u0142ecznej &#8222;Za R\u00f3\u017cnorodno\u015bci\u0105. Przeciw Dyskryminacji.&#8221;, prowadzonej przez Komisj\u0119 Europejsk\u0105 w pa\u0144stwach cz\u0142onkowskich UE. <\/P><br \/>\n<P>Rozpoczynaj\u0105cy si\u0119 w tym tygodniu konkurs fotograficzny wspierany b\u0119dzie 30-sekundowymi spotami emitowanymi przez najbli\u017csze trzy tygodnie na antenie MTV. Spot przedstawia robi\u0105cych zdj\u0119cia m\u0142odych ludzi o r\u00f3\u017cnych odcieniach sk\u00f3ry i wyznaniach, reprezentuj\u0105cych r\u00f3\u017cne regiony Unii Europejskiej; w jego trakcie zostaje przekazana informacja na temat konkursu.<\/P><br \/>\n<P>Zg\u0142oszenia do konkursu mo\u017cna nadsy\u0142a\u0107 do biura konkursu za po\u015brednictwem strony internetowej znajduj\u0105cej si\u0119 pod adresem na adres mtv.pl\/eudiversity. Termin przesy\u0142ania zg\u0142osze\u0144 up\u0142ywa 31 stycznia 2006 roku.<\/P><\/p>\n","protected":false},"excerpt":{"rendered":"Rusza konkurs fotograficzny zorganizowany przez Komisj\u0119 Europejsk\u0105 i MTV, wspieraj\u0105cy kampani\u0119 spo\u0142eczn\u0105 &quot;Za R\u00f3\u017cnorodno\u015bci\u0105. Przeciw Dyskryminacji&quot;.","protected":false},"author":1,"featured_media":84984,"comment_status":"open","ping_status":"closed","sticky":false,"template":"","format":"standard","meta":{"csco_display_header_overlay":false,"csco_singular_sidebar":"","csco_page_header_type":"","csco_page_load_nextpost":"","csco_post_video_location":[],"csco_post_video_location_hash":"","csco_post_video_url":"","csco_post_video_bg_start_time":0,"csco_post_video_bg_end_time":0,"footnotes":""},"categories":[46],"tags":[],"class_list":{"0":"post-84983","1":"post","2":"type-post","3":"status-publish","4":"format-standard","5":"has-post-thumbnail","7":"category-wydarzenia","8":"cs-entry","9":"cs-video-wrap"},"_links":{"self":[{"href":"https:\/\/mediarun.com\/pl\/wp-json\/wp\/v2\/posts\/84983","targetHints":{"allow":["GET"]}}],"collection":[{"href":"https:\/\/mediarun.com\/pl\/wp-json\/wp\/v2\/posts"}],"about":[{"href":"https:\/\/mediarun.com\/pl\/wp-json\/wp\/v2\/types\/post"}],"author":[{"embeddable":true,"href":"https:\/\/mediarun.com\/pl\/wp-json\/wp\/v2\/users\/1"}],"replies":[{"embeddable":true,"href":"https:\/\/mediarun.com\/pl\/wp-json\/wp\/v2\/comments?post=84983"}],"version-history":[{"count":0,"href":"https:\/\/mediarun.com\/pl\/wp-json\/wp\/v2\/posts\/84983\/revisions"}],"wp:featuredmedia":[{"embeddable":true,"href":"https:\/\/mediarun.com\/pl\/wp-json\/wp\/v2\/media\/84984"}],"wp:attachment":[{"href":"https:\/\/mediarun.com\/pl\/wp-json\/wp\/v2\/media?parent=84983"}],"wp:term":[{"taxonomy":"category","embeddable":true,"href":"https:\/\/mediarun.com\/pl\/wp-json\/wp\/v2\/categories?post=84983"},{"taxonomy":"post_tag","embeddable":true,"href":"https:\/\/mediarun.com\/pl\/wp-json\/wp\/v2\/tags?post=84983"}],"curies":[{"name":"wp","href":"https:\/\/api.w.org\/{rel}","templated":true}]}}