{"id":84965,"date":"2005-11-22T18:53:25","date_gmt":"2005-11-22T17:53:25","guid":{"rendered":"https:\/\/mediarun.com\/index.php\/news-posts\/kolejny-spektakl-w-teatrze-pr\/"},"modified":"2005-11-22T18:53:25","modified_gmt":"2005-11-22T17:53:25","slug":"kolejny-spektakl-w-teatrze-pr","status":"publish","type":"post","link":"https:\/\/mediarun.com\/pl\/media\/radio\/kolejny-spektakl-w-teatrze-pr.html","title":{"rendered":"Kolejny spektakl w Teatrze PR"},"content":{"rendered":"<p>Koncert &#8222;Jesie\u0144 polska w tradycji i poezji&#8221; jest ju\u017c pi\u0105tym spektaklem zaprezentowanym przez Ann\u0119 Seniuk na scenie radiowego studia koncertowego. Jej dorobek artystyczny, jako autorki scenariuszy dla &#8222;Teatru Polskiego radia na \u017cywo w Jedynce&#8221;, to nast\u0119puj\u0105ce widowiska: &#8222;Nie-boska symfonia&#8221; na podstawie dzie\u0142a Zygmunta Krasi\u0144skiego, &#8222;Opera Balladyna&#8221; wg Juliusza S\u0142owackiego, &#8222;My\u015bli R\u00f3\u017cne&#8221; wg Ignacego Krasickiego i &#8222;Pch\u0142a Szachrajka&#8221; wg bajki Jana Brzechwy. Wszystkie te spektakle &#8211; \u0142\u0105cznie z najnowszym &#8211; s\u0105 zilustrowane znakomit\u0105 muzyk\u0105 Macieja Ma\u0142eckiego. Konwencj\u0105 za\u0142o\u017con\u0105 przez autork\u0119 jest wykonanie pere\u0142ek polskiej literatury w formie \u015bpiewanej. <\/p>\n<p>Scenariusz &#8222;Jesieni polskiej w tradycji i poezji&#8221; osnuty jest na kanwie dzie\u0142a Zofii Kossak-Szczuckiej &#8222;Rok polski&#8221;, a w\u0142a\u015bciwie opisanych w nim miesi\u0119cy jesiennych (te fragmenty w wykonaniu samej Anny Seniuk), scenariusz wzbogacony jest r\u00f3wnie\u017c przys\u0142owiami zaczerpni\u0119tymi z Zygmunta Glogera, dotycz\u0105cymi p\u00f3r roku. Widowisko traktowa\u0107 b\u0119dzie o rodzimych tradycjach, wielkich rocznicach listopadowych i obrz\u0119dach polskich &#8211; g\u0142\u00f3wnie tych ju\u017c niestety zapomnianych. Przekr\u00f3j literacki spektaklu obejmowa\u0107 b\u0119dzie wczesn\u0105 tw\u00f3rczo\u015b\u0107 XVIII-wieczn\u0105 (np. pie\u015bni Kunegundy Jasielskiej), przez &#8222;Dziady&#8221; A. Mickiewicza, a\u017c po poezj\u0119 L. Staffa, K. Wierzy\u0144skiego, J. Lechonia, K. I. Ga\u0142czy\u0144skiego i teksty Wincentego Pola.<\/p>\n<p>Maciej Ma\u0142ecki stworzy\u0142 dla tego poetyckiego widowiska muzyk\u0119 \u015bpiewn\u0105, melodyjn\u0105 i dowcipn\u0105. Podczas koncertu wyst\u0105pi du\u017cy sk\u0142ad Warszawskiej Orkiestry &#8222;Filharmonia&#8221;, pod dyrekcj\u0105 Marcina Na\u0142\u0119cza-Niesio\u0142owskiego. W spektaklu udzia\u0142 wezm\u0105 absolwenci Akademii Teatralnej (w tym wychowankowie Anny Seniuk): Anna Gajewska, Dominika Klu\u017aniak, Marcin Przybylski i Modest Ruci\u0144ski. Narracja, scenariusz i re\u017cyseria &#8211; Anna Seniuk.<\/p>\n<p>Wsp\u00f3\u0142organizatorem koncertu jest Fundacja im. Karola Szymanowskiego.<\/p>\n","protected":false},"excerpt":{"rendered":"W poniedzia\u0142ek o godzinie 19 w cyklu &#8222;Teatr Polskiego Radia na \u017cywo w Jedynce&#8221; w Studiu Koncertowym Polskiego Radia im. Witolda Lutos\u0142awskiego najnowsze przedstawienie Anny Seniuk zatytu\u0142owane &#8222;Jesie\u0144 polska w tradycji i poezji&#8221;.","protected":false},"author":1,"featured_media":84966,"comment_status":"open","ping_status":"closed","sticky":false,"template":"","format":"standard","meta":{"csco_display_header_overlay":false,"csco_singular_sidebar":"","csco_page_header_type":"","csco_page_load_nextpost":"","csco_post_video_location":[],"csco_post_video_location_hash":"","csco_post_video_url":"","csco_post_video_bg_start_time":0,"csco_post_video_bg_end_time":0,"footnotes":""},"categories":[9672],"tags":[],"class_list":{"0":"post-84965","1":"post","2":"type-post","3":"status-publish","4":"format-standard","5":"has-post-thumbnail","7":"category-radio","8":"cs-entry","9":"cs-video-wrap"},"_links":{"self":[{"href":"https:\/\/mediarun.com\/pl\/wp-json\/wp\/v2\/posts\/84965","targetHints":{"allow":["GET"]}}],"collection":[{"href":"https:\/\/mediarun.com\/pl\/wp-json\/wp\/v2\/posts"}],"about":[{"href":"https:\/\/mediarun.com\/pl\/wp-json\/wp\/v2\/types\/post"}],"author":[{"embeddable":true,"href":"https:\/\/mediarun.com\/pl\/wp-json\/wp\/v2\/users\/1"}],"replies":[{"embeddable":true,"href":"https:\/\/mediarun.com\/pl\/wp-json\/wp\/v2\/comments?post=84965"}],"version-history":[{"count":0,"href":"https:\/\/mediarun.com\/pl\/wp-json\/wp\/v2\/posts\/84965\/revisions"}],"wp:featuredmedia":[{"embeddable":true,"href":"https:\/\/mediarun.com\/pl\/wp-json\/wp\/v2\/media\/84966"}],"wp:attachment":[{"href":"https:\/\/mediarun.com\/pl\/wp-json\/wp\/v2\/media?parent=84965"}],"wp:term":[{"taxonomy":"category","embeddable":true,"href":"https:\/\/mediarun.com\/pl\/wp-json\/wp\/v2\/categories?post=84965"},{"taxonomy":"post_tag","embeddable":true,"href":"https:\/\/mediarun.com\/pl\/wp-json\/wp\/v2\/tags?post=84965"}],"curies":[{"name":"wp","href":"https:\/\/api.w.org\/{rel}","templated":true}]}}