{"id":84961,"date":"2005-11-22T20:46:33","date_gmt":"2005-11-22T19:46:33","guid":{"rendered":"https:\/\/mediarun.com\/index.php\/news-posts\/odwolanie-dyrektora-otv-bialystok\/"},"modified":"2005-11-22T20:46:33","modified_gmt":"2005-11-22T19:46:33","slug":"odwolanie-dyrektora-otv-bialystok","status":"publish","type":"post","link":"https:\/\/mediarun.com\/pl\/media\/tv\/odwolanie-dyrektora-otv-bialystok.html","title":{"rendered":"Odwo\u0142anie dyrektora OTV Bia\u0142ystok"},"content":{"rendered":"<p>Rozwi\u0105zanie umowy o prac\u0119 z Jackiem Popio\u0142kiem jest konsekwencj\u0105 konfliktu, kt\u00f3ry od kilku miesi\u0119cy trwa\u0142 w oddziale pomi\u0119dzy pracownikami a kierownictwem. Istot\u0105 konfliktu by\u0142y wzajemne zarzuty dotycz\u0105ce organizacji pracy i brak porozumienia w podstawowych sprawach korporacyjnych. <\/p>\n<p>Sprawa ta by\u0142a przedmiotem obrad Rady Nadzorczej tak\u017ce 27 wrze\u015bnia br. Cz\u0142onkowie RN zapoznali si\u0119 z raportem specjalnej komisji powo\u0142anej przez Prezesa Zarz\u0105du TVP S.A. do zbadania sytuacji w oddziale i wys\u0142uchali wyja\u015bnie\u0144 dyrektora OTV Bia\u0142ystok odrzucaj\u0105c w\u00f3wczas wniosek Zarz\u0105du o zgod\u0119 na rozwi\u0105zanie umowy o prac\u0119 z dyrektorem oddzia\u0142u. <\/p>\n<p>Jacek Popio\u0142ek kierowa\u0142 oddzia\u0142em terenowym TVP S.A. w Bia\u0142ymstoku od lipca 2002 r.<\/p>\n","protected":false},"excerpt":{"rendered":"Rada Nadzorcza TVP S.A. na posiedzeniu w dniu 22 listopada 2005 r. wyrazi\u0142a zgod\u0119 na rozwi\u0105zanie stosunku pracy z Jackiem Popio\u0142kiem &#8211; dyrektorem Oddzia\u0142u Terenowego TVP S.A. w Bia\u0142ymstoku.","protected":false},"author":1,"featured_media":84962,"comment_status":"open","ping_status":"closed","sticky":false,"template":"","format":"standard","meta":{"csco_display_header_overlay":false,"csco_singular_sidebar":"","csco_page_header_type":"","csco_page_load_nextpost":"","csco_post_video_location":[],"csco_post_video_location_hash":"","csco_post_video_url":"","csco_post_video_bg_start_time":0,"csco_post_video_bg_end_time":0,"footnotes":""},"categories":[9670],"tags":[],"class_list":{"0":"post-84961","1":"post","2":"type-post","3":"status-publish","4":"format-standard","5":"has-post-thumbnail","7":"category-tv","8":"cs-entry","9":"cs-video-wrap"},"_links":{"self":[{"href":"https:\/\/mediarun.com\/pl\/wp-json\/wp\/v2\/posts\/84961","targetHints":{"allow":["GET"]}}],"collection":[{"href":"https:\/\/mediarun.com\/pl\/wp-json\/wp\/v2\/posts"}],"about":[{"href":"https:\/\/mediarun.com\/pl\/wp-json\/wp\/v2\/types\/post"}],"author":[{"embeddable":true,"href":"https:\/\/mediarun.com\/pl\/wp-json\/wp\/v2\/users\/1"}],"replies":[{"embeddable":true,"href":"https:\/\/mediarun.com\/pl\/wp-json\/wp\/v2\/comments?post=84961"}],"version-history":[{"count":0,"href":"https:\/\/mediarun.com\/pl\/wp-json\/wp\/v2\/posts\/84961\/revisions"}],"wp:featuredmedia":[{"embeddable":true,"href":"https:\/\/mediarun.com\/pl\/wp-json\/wp\/v2\/media\/84962"}],"wp:attachment":[{"href":"https:\/\/mediarun.com\/pl\/wp-json\/wp\/v2\/media?parent=84961"}],"wp:term":[{"taxonomy":"category","embeddable":true,"href":"https:\/\/mediarun.com\/pl\/wp-json\/wp\/v2\/categories?post=84961"},{"taxonomy":"post_tag","embeddable":true,"href":"https:\/\/mediarun.com\/pl\/wp-json\/wp\/v2\/tags?post=84961"}],"curies":[{"name":"wp","href":"https:\/\/api.w.org\/{rel}","templated":true}]}}