{"id":84959,"date":"2005-11-22T20:51:35","date_gmt":"2005-11-22T19:51:35","guid":{"rendered":"https:\/\/mediarun.com\/index.php\/news-posts\/jan-ordynski-laureatem-zlotej-wagi\/"},"modified":"2005-11-22T20:51:35","modified_gmt":"2005-11-22T19:51:35","slug":"jan-ordynski-laureatem-zlotej-wagi","status":"publish","type":"post","link":"https:\/\/mediarun.com\/pl\/media\/prasa\/jan-ordynski-laureatem-zlotej-wagi.html","title":{"rendered":"Jan Ordy\u0144ski laureatem Z\u0142otej Wagi"},"content":{"rendered":"<p>Jan Ordy\u0144ski od kilku lat prowadzi programy publicystyczne emitowane w TVP3 Regionalnej: &#8222;Go\u015b\u0107 Dnia&#8221; i &#8222;Rozmowa Dnia&#8221;.<\/p>\n","protected":false},"excerpt":{"rendered":"Jan Ordy\u0144ski z &#8222;Rzeczpospolitej&#8221;, wsp\u00f3\u0142pracuj\u0105cy z Telewizj\u0105 Polsk\u0105 i Polskim Radiem oraz Marta Pionkowska z &#8222;Gazety Prawnej&#8221; odebrali 22 listopada &#8222;Z\u0142ote Wagi&#8221;, nagrody przyznawane przez Naczeln\u0105 Rad\u0119 Adwokack\u0105. Wyr\u00f3\u017cnienia przyznano w tym roku po raz pierwszy, za &#8222;rzetelne, poparte g\u0142\u0119bok\u0105 wiedz\u0105 i obiektywne podejmowanie tematyki prawnej w mediach&#8221;.","protected":false},"author":1,"featured_media":0,"comment_status":"open","ping_status":"closed","sticky":false,"template":"","format":"standard","meta":{"csco_display_header_overlay":false,"csco_singular_sidebar":"","csco_page_header_type":"","csco_page_load_nextpost":"","csco_post_video_location":[],"csco_post_video_location_hash":"","csco_post_video_url":"","csco_post_video_bg_start_time":0,"csco_post_video_bg_end_time":0,"footnotes":""},"categories":[9673],"tags":[],"class_list":{"0":"post-84959","1":"post","2":"type-post","3":"status-publish","4":"format-standard","6":"category-prasa","7":"cs-entry","8":"cs-video-wrap"},"_links":{"self":[{"href":"https:\/\/mediarun.com\/pl\/wp-json\/wp\/v2\/posts\/84959","targetHints":{"allow":["GET"]}}],"collection":[{"href":"https:\/\/mediarun.com\/pl\/wp-json\/wp\/v2\/posts"}],"about":[{"href":"https:\/\/mediarun.com\/pl\/wp-json\/wp\/v2\/types\/post"}],"author":[{"embeddable":true,"href":"https:\/\/mediarun.com\/pl\/wp-json\/wp\/v2\/users\/1"}],"replies":[{"embeddable":true,"href":"https:\/\/mediarun.com\/pl\/wp-json\/wp\/v2\/comments?post=84959"}],"version-history":[{"count":0,"href":"https:\/\/mediarun.com\/pl\/wp-json\/wp\/v2\/posts\/84959\/revisions"}],"wp:attachment":[{"href":"https:\/\/mediarun.com\/pl\/wp-json\/wp\/v2\/media?parent=84959"}],"wp:term":[{"taxonomy":"category","embeddable":true,"href":"https:\/\/mediarun.com\/pl\/wp-json\/wp\/v2\/categories?post=84959"},{"taxonomy":"post_tag","embeddable":true,"href":"https:\/\/mediarun.com\/pl\/wp-json\/wp\/v2\/tags?post=84959"}],"curies":[{"name":"wp","href":"https:\/\/api.w.org\/{rel}","templated":true}]}}