{"id":84949,"date":"2005-11-22T23:08:41","date_gmt":"2005-11-22T22:08:41","guid":{"rendered":"https:\/\/mediarun.com\/index.php\/news-posts\/nowi-dyrektorzy-otv-lodz-i-otv-bydgoszcz\/"},"modified":"2005-11-22T23:08:41","modified_gmt":"2005-11-22T22:08:41","slug":"nowi-dyrektorzy-otv-lodz-i-otv-bydgoszcz","status":"publish","type":"post","link":"https:\/\/mediarun.com\/pl\/media\/tv\/nowi-dyrektorzy-otv-lodz-i-otv-bydgoszcz.html","title":{"rendered":"Nowi dyrektorzy OTV \u0141\u00f3d\u017a i OTV Bydgoszcz"},"content":{"rendered":"<p>Zar\u00f3wno Ma\u0142gorzata Potocka, jak i Maciej Grze\u015bkowiak zostali wy\u0142onieni na te stanowiska w konkursach zorganizowanych przez Telewizj\u0119 Polsk\u0105 i rekomendowani Radzie Nadzorczej przez Zarz\u0105d TVP S.A.<\/p>\n<p>Ma\u0142gorzata Potocka urodzi\u0142a si\u0119 w \u0141odzi. Uko\u0144czy\u0142a Wy\u017csz\u0105 Szko\u0142\u0119 Filmow\u0105, Telewizyjn\u0105 i Teatraln\u0105 w \u0141odzi. Jest aktork\u0105, re\u017cyserem oraz producentem film\u00f3w muzycznych, dokumentalnych, fabularnych seriali telewizyjnych i koncert\u00f3w, a tak\u017ce producentem wykonawczym projekt\u00f3w m.in. dla BBC. By\u0142a animatorem wielu inicjatyw i wydarze\u0144 kulturalnych w \u0141odzi. Pracowa\u0142a tak\u017ce jako doradca Ministra Kultury w dziedzinie promocji polskiej kultury. <\/p>\n<p>Maciej Grze\u015bkowiak ma 37 lat. Jest absolwentem WSP w Bydgoszczy. Od 11 lat pracuje o oddziale TVP S.A. w Bydgoszczy, obecnie od 1999 roku na stanowisku szefa programu informacyjnego &#8222;Zbli\u017cenia&#8221; . By\u0142 redaktorem ponad 900 wyda\u0144 program\u00f3w informacyjnych, autorem i wydawc\u0105 regionalnych wieczor\u00f3w wyborczych  w latach 1997, 2001 i 2002, redaktorem odpowiedzialnym za obs\u0142ug\u0119 wizyty Jana Paw\u0142a II w Bydgoszczy i Toruniu oraz za realizacj\u0119 ponad 100 transmisji sportowych dla TVP1 i TVP3. By\u0142 tak\u017ce producentem program\u00f3w publicystycznych, producentem i koordynatorem w ekipie TVP na Igrzyskach Olimpijskich w Sydney i Salt Lake City.<\/p>\n","protected":false},"excerpt":{"rendered":"Rada Nadzorcza TVP S.A. na posiedzeniu w dniu 22 listopada 2005 r. wyrazi\u0142a zgod\u0119 na zatrudnienie Ma\u0142gorzaty Potockiej na stanowisku dyrektora oddzia\u0142u terenowego TVP S.A. w \u0141odzi oraz Macieja Grze\u015bkowiaka na stanowisku dyrektora oddzia\u0142u terenowego TVP S.A. w Bydgoszczy.","protected":false},"author":1,"featured_media":84950,"comment_status":"open","ping_status":"closed","sticky":false,"template":"","format":"standard","meta":{"csco_display_header_overlay":false,"csco_singular_sidebar":"","csco_page_header_type":"","csco_page_load_nextpost":"","csco_post_video_location":[],"csco_post_video_location_hash":"","csco_post_video_url":"","csco_post_video_bg_start_time":0,"csco_post_video_bg_end_time":0,"footnotes":""},"categories":[9670],"tags":[],"class_list":{"0":"post-84949","1":"post","2":"type-post","3":"status-publish","4":"format-standard","5":"has-post-thumbnail","7":"category-tv","8":"cs-entry","9":"cs-video-wrap"},"_links":{"self":[{"href":"https:\/\/mediarun.com\/pl\/wp-json\/wp\/v2\/posts\/84949","targetHints":{"allow":["GET"]}}],"collection":[{"href":"https:\/\/mediarun.com\/pl\/wp-json\/wp\/v2\/posts"}],"about":[{"href":"https:\/\/mediarun.com\/pl\/wp-json\/wp\/v2\/types\/post"}],"author":[{"embeddable":true,"href":"https:\/\/mediarun.com\/pl\/wp-json\/wp\/v2\/users\/1"}],"replies":[{"embeddable":true,"href":"https:\/\/mediarun.com\/pl\/wp-json\/wp\/v2\/comments?post=84949"}],"version-history":[{"count":0,"href":"https:\/\/mediarun.com\/pl\/wp-json\/wp\/v2\/posts\/84949\/revisions"}],"wp:featuredmedia":[{"embeddable":true,"href":"https:\/\/mediarun.com\/pl\/wp-json\/wp\/v2\/media\/84950"}],"wp:attachment":[{"href":"https:\/\/mediarun.com\/pl\/wp-json\/wp\/v2\/media?parent=84949"}],"wp:term":[{"taxonomy":"category","embeddable":true,"href":"https:\/\/mediarun.com\/pl\/wp-json\/wp\/v2\/categories?post=84949"},{"taxonomy":"post_tag","embeddable":true,"href":"https:\/\/mediarun.com\/pl\/wp-json\/wp\/v2\/tags?post=84949"}],"curies":[{"name":"wp","href":"https:\/\/api.w.org\/{rel}","templated":true}]}}