{"id":84937,"date":"2005-11-22T23:31:50","date_gmt":"2005-11-22T22:31:50","guid":{"rendered":"https:\/\/mediarun.com\/index.php\/news-posts\/holenderski-endemol-na-gieldzie\/"},"modified":"2005-11-22T23:31:50","modified_gmt":"2005-11-22T22:31:50","slug":"holenderski-endemol-na-gieldzie","status":"publish","type":"post","link":"https:\/\/mediarun.com\/pl\/media\/tv\/holenderski-endemol-na-gieldzie.html","title":{"rendered":"Holenderski Endemol na gie\u0142dzie"},"content":{"rendered":"<p>&#8211; O sp\u00f3\u0142ce zrobi\u0142o si\u0119 g\u0142o\u015bno w 2000 r., kiedy holenderska stacja Veronica wyemitowa\u0142a kontrowersyjny reality-show &#8222;Big Brother&#8221;. W tym samym roku za 5,5 mld euro Endemola przej\u0105\u0142 operator telekomunikacyjny Telefonica. Jednak dzi\u015b warto\u015b\u0107 Endemola zaksi\u0119gowana u hiszpa\u0144skiego giganta to zaledwie 840 mln euro. Po tym, jak nie dosz\u0142y do skutku negocjacje z kilkoma firmami na temat odkupienia Endemola (wycofa\u0142 si\u0119 m.in. RTL Group, odrzucono ofert\u0119 Time Warner), Telefonica postanowi\u0142a wprowadzi\u0107 holendersk\u0105 sp\u00f3\u0142k\u0119 na parkiet. Endemol chcia\u0142 zebra\u0107 z rynku publicznego od 1,1 do 1,6 mld euro. Wczoraj zadebiutowa\u0142 na gie\u0142dzie w Amsterdamie. &#8211; donosi &#8222;Gazeta Wyborcza&#8221;<\/p>\n","protected":false},"excerpt":{"rendered":"&#8211; Holenderski Endemol, producent telewizyjnych reality-show, zadebiutowa\u0142 na gie\u0142dzie. Ale nie zachwyci\u0142 &#8211; informuje &#8222;Gazeta Wyborcza&#8221;","protected":false},"author":1,"featured_media":0,"comment_status":"open","ping_status":"closed","sticky":false,"template":"","format":"standard","meta":{"csco_display_header_overlay":false,"csco_singular_sidebar":"","csco_page_header_type":"","csco_page_load_nextpost":"","csco_post_video_location":[],"csco_post_video_location_hash":"","csco_post_video_url":"","csco_post_video_bg_start_time":0,"csco_post_video_bg_end_time":0,"footnotes":""},"categories":[9670],"tags":[],"class_list":{"0":"post-84937","1":"post","2":"type-post","3":"status-publish","4":"format-standard","6":"category-tv","7":"cs-entry","8":"cs-video-wrap"},"_links":{"self":[{"href":"https:\/\/mediarun.com\/pl\/wp-json\/wp\/v2\/posts\/84937","targetHints":{"allow":["GET"]}}],"collection":[{"href":"https:\/\/mediarun.com\/pl\/wp-json\/wp\/v2\/posts"}],"about":[{"href":"https:\/\/mediarun.com\/pl\/wp-json\/wp\/v2\/types\/post"}],"author":[{"embeddable":true,"href":"https:\/\/mediarun.com\/pl\/wp-json\/wp\/v2\/users\/1"}],"replies":[{"embeddable":true,"href":"https:\/\/mediarun.com\/pl\/wp-json\/wp\/v2\/comments?post=84937"}],"version-history":[{"count":0,"href":"https:\/\/mediarun.com\/pl\/wp-json\/wp\/v2\/posts\/84937\/revisions"}],"wp:attachment":[{"href":"https:\/\/mediarun.com\/pl\/wp-json\/wp\/v2\/media?parent=84937"}],"wp:term":[{"taxonomy":"category","embeddable":true,"href":"https:\/\/mediarun.com\/pl\/wp-json\/wp\/v2\/categories?post=84937"},{"taxonomy":"post_tag","embeddable":true,"href":"https:\/\/mediarun.com\/pl\/wp-json\/wp\/v2\/tags?post=84937"}],"curies":[{"name":"wp","href":"https:\/\/api.w.org\/{rel}","templated":true}]}}