{"id":84933,"date":"2005-11-23T00:28:37","date_gmt":"2005-11-22T23:28:37","guid":{"rendered":"https:\/\/mediarun.com\/index.php\/news-posts\/podatek-medialny-zamiast-abonamentu\/"},"modified":"2005-11-23T00:28:37","modified_gmt":"2005-11-22T23:28:37","slug":"podatek-medialny-zamiast-abonamentu","status":"publish","type":"post","link":"https:\/\/mediarun.com\/pl\/media\/tv\/podatek-medialny-zamiast-abonamentu.html","title":{"rendered":"Podatek medialny zamiast abonamentu?"},"content":{"rendered":"<p> Od 1 stycznia 2006 roku op\u0142ata za u\u017cywanie odbiornika radiofonicznego wyniesie:<\/p>\n<p>&#8211; 5 z\u0142otych 20 groszy za miesi\u0105c<br \/>\n&#8211; 10 z\u0142otych 10 groszy za dwa miesi\u0105ce<br \/>\n&#8211; 15 z\u0142otych 20 groszy za trzy miesi\u0105ce<br \/>\n&#8211; 30 z\u0142otych 30 groszy za sze\u015b\u0107 miesi\u0119cy<br \/>\n&#8211; 59 z\u0142otych 20 groszy za rok <\/p>\n<p>Op\u0142ata za u\u017cywanie odbiornika telewizyjnego lub telewizyjnego i radiofonicznego od 1 stycznia 2006 roku wyniesie:<\/p>\n<p>&#8211; 16 z\u0142otych 70 groszy za jeden miesi\u0105c<br \/>\n&#8211; 32 z\u0142ote 60 groszy za dwa miesi\u0105ce<br \/>\n&#8211; 48 z\u0142otych 70 groszy za trzy miesi\u0105ce<br \/>\n&#8211; 97 z\u0142otych 20 groszy za sze\u015b\u0107 miesi\u0119cy<br \/>\n&#8211; 190 z\u0142otych za rok.<\/p>\n<p>U\u017cytkownik odbiornika rtv zobowi\u0105zany jest do wniesienia op\u0142aty do 25. dnia pierwszego miesi\u0105ca rozliczeniowego. U\u017cytkownik odbiornika rtv mo\u017ce wnie\u015b\u0107 w 2005 roku op\u0142aty na poczet 2006 roku wed\u0142ug stawek obowi\u0105zuj\u0105cych od dnia 1 stycznia 2006.<\/p>\n<p>&#8211; Wiceminister kultury Jaros\u0142aw Sellin zapowiada, \u017ce prawdopodobnie abonament, kt\u00f3ry obecnie p\u0142aci zaledwie 5 mln Polak\u00f3w zostanie zast\u0105piony podatkiem medialnym, kt\u00f3ry zap\u0142acimy przy okazji wype\u0142nienia PIT. Wyja\u015bnia, \u017ce w ten spos\u00f3b op\u0142ata mo\u017ce by\u0107 ni\u017csza. Dotyczy\u0142aby ona wtedy oko\u0142o 23 mln os\u00f3b. Wzrost \u015brodk\u00f3w z podatk\u00f3w medialnego spowodowa\u0142by zdaniem Sellina konieczno\u015b\u0107 ograniczenia, ale nie ca\u0142kowitego zniesienia reklam w TVP i Polskim Radiu. Nowy system m\u00f3g\u0142by wej\u015b\u0107 w \u017cycie ju\u017c w po\u0142owie przysz\u0142ego roku &#8211; informuje &#8222;Rzeczpospolita&#8221;.<\/p>\n<p>Podobne zmiany wprowadzi\u0142y niedawno Czechy. Od lat du\u017ce ograniczenie w emisji reklam przez kana\u0142y publiczne dotycz\u0105 niemieckich ARD i ZDF. <\/p>\n","protected":false},"excerpt":{"rendered":"Przysz\u0142y rok przyniesie podwy\u017ck\u0119 abonamentu rtv. Krajowa Rada Radiofonii i Telewizji poinformowa\u0142a we wtorek o jej wysoko\u015bci. \u015aci\u0105galno\u015b\u0107 abonamentu stale spada. Rz\u0105dz\u0105cy PiS chce znale\u017a\u0107 spos\u00f3b na jej poprawienie. Niewykluczone, \u017ce ju\u017c wkr\u00f3tce abonament zast\u0105pi podatek medialny, kt\u00f3ry b\u0119dzie uwzgl\u0119dniony w rozliczeniu PIT.","protected":false},"author":1,"featured_media":84934,"comment_status":"open","ping_status":"closed","sticky":false,"template":"","format":"standard","meta":{"csco_display_header_overlay":false,"csco_singular_sidebar":"","csco_page_header_type":"","csco_page_load_nextpost":"","csco_post_video_location":[],"csco_post_video_location_hash":"","csco_post_video_url":"","csco_post_video_bg_start_time":0,"csco_post_video_bg_end_time":0,"footnotes":""},"categories":[9670],"tags":[],"class_list":{"0":"post-84933","1":"post","2":"type-post","3":"status-publish","4":"format-standard","5":"has-post-thumbnail","7":"category-tv","8":"cs-entry","9":"cs-video-wrap"},"_links":{"self":[{"href":"https:\/\/mediarun.com\/pl\/wp-json\/wp\/v2\/posts\/84933","targetHints":{"allow":["GET"]}}],"collection":[{"href":"https:\/\/mediarun.com\/pl\/wp-json\/wp\/v2\/posts"}],"about":[{"href":"https:\/\/mediarun.com\/pl\/wp-json\/wp\/v2\/types\/post"}],"author":[{"embeddable":true,"href":"https:\/\/mediarun.com\/pl\/wp-json\/wp\/v2\/users\/1"}],"replies":[{"embeddable":true,"href":"https:\/\/mediarun.com\/pl\/wp-json\/wp\/v2\/comments?post=84933"}],"version-history":[{"count":0,"href":"https:\/\/mediarun.com\/pl\/wp-json\/wp\/v2\/posts\/84933\/revisions"}],"wp:featuredmedia":[{"embeddable":true,"href":"https:\/\/mediarun.com\/pl\/wp-json\/wp\/v2\/media\/84934"}],"wp:attachment":[{"href":"https:\/\/mediarun.com\/pl\/wp-json\/wp\/v2\/media?parent=84933"}],"wp:term":[{"taxonomy":"category","embeddable":true,"href":"https:\/\/mediarun.com\/pl\/wp-json\/wp\/v2\/categories?post=84933"},{"taxonomy":"post_tag","embeddable":true,"href":"https:\/\/mediarun.com\/pl\/wp-json\/wp\/v2\/tags?post=84933"}],"curies":[{"name":"wp","href":"https:\/\/api.w.org\/{rel}","templated":true}]}}