{"id":84931,"date":"2005-11-23T06:00:00","date_gmt":"2005-11-23T05:00:00","guid":{"rendered":"https:\/\/mediarun.com\/index.php\/news-posts\/polski-die-welt-w-drodze\/"},"modified":"2005-11-23T06:00:00","modified_gmt":"2005-11-23T05:00:00","slug":"polski-die-welt-w-drodze","status":"publish","type":"post","link":"https:\/\/mediarun.com\/pl\/media\/prasa\/polski-die-welt-w-drodze.html","title":{"rendered":"Polski Die Welt w drodze"},"content":{"rendered":"<p><P align=left>&#8211; jest bliski znalezienia inwestora dla swojego dziennika, kt\u00f3ry ma wej\u015b\u0107 na rynek wiosn\u0105 przysz\u0142ego roku.<BR><BR>Cho\u0107 w Axel Springer Polska niewielka grupa os\u00f3b pracuje ju\u017c nad polsk\u0105 wersj\u0105 dziennika opiniotw\u00f3rczego Die Welt Kompakt,&nbsp;ostateczna decyzja, czy projekt ujrzy \u015bwiat\u0142o dzienne, jeszcze nie zapad\u0142a.<\/P><br \/>\n<P align=left>Wydawca ma przeznaczy\u0107 na uruchomienie projektu oko\u0142o 100 mln z\u0142. Na razie obok przygotowa\u0144 redakcyjnych trwa\u0107 b\u0119d\u0105 tak\u017ce badania rynku.&nbsp;W siedzibie niemieckiego wydawcy rozwa\u017cane s\u0105 natomiast dwa terminy wprowadzenia gazety: albo wiosenny (debiut dziennika w lutym b\u0105d\u017a marcu), albo termin jesienny (wrzesie\u0144&nbsp;&#8211; pa\u017adziernik).<\/P><br \/>\n<P align=left>Z wy\u015bcigu o rynek nie rezygnuje Micha\u0142 So\u0142owow. Jest on coraz bli\u017cszy znalezienia inwestora bran\u017cowego dla swojego og\u00f3lnopolskiego dziennika budowanego na bazie \u017bycia Warszawy. Inwestor ma uwiarygodni\u0107 jego projekt. Micha\u0142 So\u0142owow deklarowa\u0142, \u017ce w ci\u0105gu pi\u0119ciu lat przeznaczy na dziennik 120 mln z\u0142. Z naszych informacji wynika, \u017ce wydawca liczy na sprzeda\u017c na poziomie 250 tys. egzemplarzy.<\/P><br \/>\n<P align=left>Nie potwierdzaj\u0105 si\u0119 natomiast informacj\u0119, jakoby tytu\u0142 mia\u0142 ujrze\u0107 \u015bwiat\u0142o dzienne wcze\u015bniej ni\u017c wiosn\u0105 przysz\u0142ego roku, na przyk\u0142ad ju\u017c w lutym. &#8211;&nbsp;Nic mi na ten temat nie wiadomo. Podtrzymujemy termin wej\u015bcia na rynek wiosn\u0105 przysz\u0142ego roku&nbsp;&#8211; m\u00f3wi Pawe\u0142 Lisicki, redaktor naczelny projektu.<\/P><br \/>\n<P align=left><br \/>\n<DIV class=srodtytul align=left>Nad projektem dziennika wzorowanego na Die Welt pracuje Robert Krasowski, jeden z zast\u0119pc\u00f3w redaktora naczelnego Faktu. Jak poda\u0142 Presserwis, dyrektorem artystycznym nowego dziennika zosta\u0142 Piotr Grzybowski, kt\u00f3ry przyzna\u0142, \u017ce zachowa\u0142 r\u00f3wnie\u017c takie samo stanowisko w Fakcie. Wed\u0142ug informacji tego serwisu, do\u0142\u0105czy\u0142 do niego tak\u017ce Karol Tyczy\u0144ski, kt\u00f3ry przeszed\u0142 z Rzeczpospolitej.<\/DIV><br \/>\n<P align=left>Liczniejsza jest ekipa tworz\u0105ca nowy dziennik Micha\u0142a So\u0142owowa. Na razie, jak przyznaje redaktor naczelny Pawe\u0142 Lisicki, nad projektem pracuje zesp\u00f3\u0142 oko\u0142o 30 os\u00f3b. Przygotowywane s\u0105 tak\u017ce, cho\u0107 niecodziennie, ca\u0142e &#8222;zerowe&#8221; numery dziennika.<BR><BR>Docelowo zatrudnionych w redakcji b\u0119dzie ponad 100 os\u00f3b. Oferty pracy w nowej gazecie dostan\u0105 wszyscy obecni dziennikarze \u017bycia Warszawy. Na razie nie wiadomo natomiast, co stanie si\u0119 z tym dziennikiem po wej\u015bciu tytu\u0142u og\u00f3lnopolskiego. Rozwa\u017cane s\u0105 r\u00f3\u017cne koncepcje, w tym w\u0142\u0105czenie go, jako wk\u0142adki, do g\u0142\u00f3wnego dziennika.&nbsp;&#8211; Z marki \u017bycie Warszawy nie zamierzamy rezygnowa\u0107, bo jest bardzo silna&nbsp;&#8211; m\u00f3wi Pawe\u0142 Lisicki. <\/P><br \/>\n<DIV class=srodtytul align=left>Osoby zwi\u0105zane z dziennikiem Micha\u0142a So\u0142owowa m\u00f3wi\u0105, \u017ce dla ich projektu by\u0142oby lepiej, aby dziennik Axel Springer Polska ukaza\u0142 si\u0119 po ich premierze, na przyk\u0142ad jesieni\u0105 przysz\u0142ego roku. B\u0119dzie w\u00f3wczas czas na promocj\u0119 i zdobycie czytelnik\u00f3w dla w\u0142asnego tytu\u0142u. <\/DIV><br \/>\n<P align=left>&#8211; Chyba \u017ce przygotuje s\u0142aby projekt, jak teraz Agora, to wtedy mo\u017ce wej\u015b\u0107 wiosn\u0105&nbsp;&#8211; powiedzia\u0142a&nbsp;jedna z os\u00f3b zwi\u0105zana z projektem Micha\u0142a So\u0142owowa.<\/P><br \/>\n<P align=left>Niekt\u00f3rzy analitycy spekulowali, \u017ce Axel Springer mo\u017ce zrezygnowa\u0107 z wydawania polskiego Die Welt, bo pojawi\u0142a si\u0119 okazja do przej\u0119cia od Orkli Media udzia\u0142\u00f3w w Rzeczpospolitej. Na razie nie wiadomo, co z tego wyniknie, ale wed\u0142ug naszych informacji Axel Springer Polska powa\u017cnie rozwa\u017ca kupno tego dziennika. Zdaniem niekt\u00f3rych specjalist\u00f3w, kupno drugiego dziennika opiniotw\u00f3rczego w Polsce to \u0142akomy k\u0105sek dla niemieckiego wydawcy. O tym, \u017ce mo\u017ce by\u0107 powa\u017cnie zainteresowany projektem, \u015bwiadczy cho\u0107by polityka inwestycyjna koncernu, kt\u00f3ry najwi\u0119ksze nadzieje na rozw\u00f3j pok\u0142ada w\u0142a\u015bnie w polskim rynku. <\/P><br \/>\n<P align=left><br \/>\n<DIV class=srodtytul align=left>Analitycy nie potrafi\u0105 powiedzie\u0107, na ile wej\u015bcie tych dw\u00f3ch tytu\u0142\u00f3w zaszkodzi Gazecie Wyborczej i Rzeczpospolitej. Sk\u0142aniaj\u0105 si\u0119 raczej ku opinii, \u017ce b\u0119dzie oznacza\u0142o to w pierwszej kolejno\u015bci wojn\u0119 na wyniszczenie mi\u0119dzy dwoma nowymi tytu\u0142ami.<\/DIV><br \/>\n<P align=left>&#8211;&nbsp;Oba b\u0119d\u0105 celowa\u0107 w tego samego czytelnika. Na pocz\u0105tku mo\u017ce to troch\u0119 poszerzy\u0107 rynek, ale nie na d\u0142ugo. Mimo wszystko i tak b\u0119dzie za w\u0105ski, aby znale\u017ali si\u0119 czytelnicy dla obu tych dziennik\u00f3w. B\u0119dzie to wi\u0119c walka na wyniszczenie. W jej efekcie jeden z tych tytu\u0142\u00f3w je\u015bli ca\u0142kowicie nie zniknie z rynku, to czeka\u0107 go b\u0119d\u0105 ogromne trudno\u015bci zwi\u0105zane z nisk\u0105 sprzeda\u017c\u0105&nbsp;&#8211; m\u00f3wi Andrzej Knigawka, analityk ING Barings.<\/P><br \/>\n<P align=left>Wed\u0142ug niego, tytu\u0142 Axel Springer Polska mia\u0142by szanse na udzia\u0142 w rynku reklamy mi\u0119dzy 5 a 10 proc., za\u015b dziennik Micha\u0142a So\u0142owowa&nbsp;&#8211; nie wi\u0119cej ni\u017c 5 proc. <\/P><br \/>\n<P align=left>&#8211;&nbsp;Jestem jednak sceptyczny co do wej\u015bcia obu tytu\u0142\u00f3w w tym samym czasie. Bardziej stawiam na Niemc\u00f3w. Daj\u0119 80 proc., \u017ce wejd\u0105. W przypadku Micha\u0142a So\u0142owowa to jest 50 na 50. Jego obecne deklaracje wydawania dziennika opiniotw\u00f3rczego odbieram jako sygna\u0142y dla potencjalnych inwestor\u00f3w. Je\u015bli si\u0119 taki znajdzie, to projekt ma szanse ruszy\u0107&nbsp;&#8211; dodaje.<\/P><\/p>\n","protected":false},"excerpt":{"rendered":"Axel Springer Polska zabra\u0142 si\u0119 do przygotowania dziennika wzorowanego na Die Welt Kompakt. Ale Micha\u0142 So\u0142owow te\u017c nie spuszcza z tonu&#8230;","protected":false},"author":1,"featured_media":84932,"comment_status":"open","ping_status":"closed","sticky":false,"template":"","format":"standard","meta":{"csco_display_header_overlay":false,"csco_singular_sidebar":"","csco_page_header_type":"","csco_page_load_nextpost":"","csco_post_video_location":[],"csco_post_video_location_hash":"","csco_post_video_url":"","csco_post_video_bg_start_time":0,"csco_post_video_bg_end_time":0,"footnotes":""},"categories":[9673],"tags":[],"class_list":{"0":"post-84931","1":"post","2":"type-post","3":"status-publish","4":"format-standard","5":"has-post-thumbnail","7":"category-prasa","8":"cs-entry","9":"cs-video-wrap"},"_links":{"self":[{"href":"https:\/\/mediarun.com\/pl\/wp-json\/wp\/v2\/posts\/84931","targetHints":{"allow":["GET"]}}],"collection":[{"href":"https:\/\/mediarun.com\/pl\/wp-json\/wp\/v2\/posts"}],"about":[{"href":"https:\/\/mediarun.com\/pl\/wp-json\/wp\/v2\/types\/post"}],"author":[{"embeddable":true,"href":"https:\/\/mediarun.com\/pl\/wp-json\/wp\/v2\/users\/1"}],"replies":[{"embeddable":true,"href":"https:\/\/mediarun.com\/pl\/wp-json\/wp\/v2\/comments?post=84931"}],"version-history":[{"count":0,"href":"https:\/\/mediarun.com\/pl\/wp-json\/wp\/v2\/posts\/84931\/revisions"}],"wp:featuredmedia":[{"embeddable":true,"href":"https:\/\/mediarun.com\/pl\/wp-json\/wp\/v2\/media\/84932"}],"wp:attachment":[{"href":"https:\/\/mediarun.com\/pl\/wp-json\/wp\/v2\/media?parent=84931"}],"wp:term":[{"taxonomy":"category","embeddable":true,"href":"https:\/\/mediarun.com\/pl\/wp-json\/wp\/v2\/categories?post=84931"},{"taxonomy":"post_tag","embeddable":true,"href":"https:\/\/mediarun.com\/pl\/wp-json\/wp\/v2\/tags?post=84931"}],"curies":[{"name":"wp","href":"https:\/\/api.w.org\/{rel}","templated":true}]}}