{"id":84923,"date":"2005-11-23T06:00:00","date_gmt":"2005-11-23T05:00:00","guid":{"rendered":"https:\/\/mediarun.com\/index.php\/news-posts\/gj-polska-z-nowym-prezesem\/"},"modified":"2005-11-23T06:00:00","modified_gmt":"2005-11-23T05:00:00","slug":"gj-polska-z-nowym-prezesem","status":"publish","type":"post","link":"https:\/\/mediarun.com\/pl\/ludzie\/awanse\/gj-polska-z-nowym-prezesem.html","title":{"rendered":"G+J Polska z nowym prezesem"},"content":{"rendered":"<p>Oliver Voigt 1 stycznia 2006 roku przeka\u017ce obowi\u0105zki Prezesa Zarz\u0105du Magdalenie Malickiej, kt\u00f3ra do tej pory zajmowa\u0142a w G+J Polska stanowisko Wydawcy tytu\u0142\u00f3w kobiecych. Sam za\u015b przejmie obowi\u0105zki Prezesa Zarz\u0105du i Wydawcy Verlagsgruppe NEWS w Wiedniu. Na arenie mi\u0119dzynarodowej, Austria jest drugim co do wielko\u015bci rynkiem prasowym dla G+J, zaraz po Francji. <BR><BR>Magdalena Malicka jest pierwsz\u0105 kobiet\u0105 w historii G+J obejmuj\u0105c\u0105 stanowisko prezesa zagranicznej jednostki firmy. <BR><BR>Magda Malicka sko\u0144czy\u0142a filologi\u0119 roma\u0144sk\u0105 na Uniwersytecie Jagiello\u0144skim, teatrologi\u0119 na Sorbonie oraz MBA w dziedzinie zarz\u0105dzania i marketingu w Szkole Biznesu Politechniki Warszawskiej i Wy\u017cszej Szkole Handlowej HEC w Pary\u017cu. W 2000 roku rozpocz\u0119\u0142a prac\u0119 w G+J Polska jako Produkt Manager tygodnika Naj, nast\u0119pnie awansowa\u0142a na stanowisko Dyrektora Wydawniczego. Kolejnym etapem w jej karierze by\u0142o stanowisko Wydawcy magazyn\u00f3w kobiecych (Naj, Claudia, Moje Mieszkanie, Moje Gotowanie, Rodzice), kt\u00f3re piastuje od maja ubieg\u0142ego roku. <BR><BR><BR><\/p>\n","protected":false},"excerpt":{"rendered":"Magdalena Malicka zostanie nast\u0119pc\u0105 Olivera Voigta na stanowisku prezesa w G+J Polska.","protected":false},"author":1,"featured_media":84924,"comment_status":"open","ping_status":"closed","sticky":false,"template":"","format":"standard","meta":{"csco_display_header_overlay":false,"csco_singular_sidebar":"","csco_page_header_type":"","csco_page_load_nextpost":"","csco_post_video_location":[],"csco_post_video_location_hash":"","csco_post_video_url":"","csco_post_video_bg_start_time":0,"csco_post_video_bg_end_time":0,"footnotes":""},"categories":[9678],"tags":[],"class_list":{"0":"post-84923","1":"post","2":"type-post","3":"status-publish","4":"format-standard","5":"has-post-thumbnail","7":"category-awanse","8":"cs-entry","9":"cs-video-wrap"},"_links":{"self":[{"href":"https:\/\/mediarun.com\/pl\/wp-json\/wp\/v2\/posts\/84923","targetHints":{"allow":["GET"]}}],"collection":[{"href":"https:\/\/mediarun.com\/pl\/wp-json\/wp\/v2\/posts"}],"about":[{"href":"https:\/\/mediarun.com\/pl\/wp-json\/wp\/v2\/types\/post"}],"author":[{"embeddable":true,"href":"https:\/\/mediarun.com\/pl\/wp-json\/wp\/v2\/users\/1"}],"replies":[{"embeddable":true,"href":"https:\/\/mediarun.com\/pl\/wp-json\/wp\/v2\/comments?post=84923"}],"version-history":[{"count":0,"href":"https:\/\/mediarun.com\/pl\/wp-json\/wp\/v2\/posts\/84923\/revisions"}],"wp:featuredmedia":[{"embeddable":true,"href":"https:\/\/mediarun.com\/pl\/wp-json\/wp\/v2\/media\/84924"}],"wp:attachment":[{"href":"https:\/\/mediarun.com\/pl\/wp-json\/wp\/v2\/media?parent=84923"}],"wp:term":[{"taxonomy":"category","embeddable":true,"href":"https:\/\/mediarun.com\/pl\/wp-json\/wp\/v2\/categories?post=84923"},{"taxonomy":"post_tag","embeddable":true,"href":"https:\/\/mediarun.com\/pl\/wp-json\/wp\/v2\/tags?post=84923"}],"curies":[{"name":"wp","href":"https:\/\/api.w.org\/{rel}","templated":true}]}}