{"id":84919,"date":"2005-11-23T06:00:00","date_gmt":"2005-11-23T05:00:00","guid":{"rendered":"https:\/\/mediarun.com\/index.php\/news-posts\/financial-times-z-rzeczpospolita-2\/"},"modified":"2005-11-23T06:00:00","modified_gmt":"2005-11-23T05:00:00","slug":"financial-times-z-rzeczpospolita-2","status":"publish","type":"post","link":"https:\/\/mediarun.com\/pl\/media\/prasa\/financial-times-z-rzeczpospolita-2.html","title":{"rendered":"Financial Times z Rzeczpospolit\u0105"},"content":{"rendered":"<p><P>w cz\u0119\u015bci ekonomicznej Rzeczpospolitej (na &#8222;zielonych stronach&#8221;) b\u0119dzie si\u0119 ukazywa\u0107 4-kolumnowy dodatek z polskimi przedrukami najciekawszych artyku\u0142\u00f3w analitycznych i publicystycznych z Financial Times. Pierwszy dodatek uka\u017ce si\u0119 w \u015brod\u0119 23 listopada. Od 2006 r. roku b\u0119dzie on ukazywa\u0142 si\u0119 w ka\u017cdy pierwszy czwartek miesi\u0105ca. <\/P><br \/>\n<P>Redaktor naczelny Rzeczpospolitej Grzegorz Gauden podkre\u015bli\u0142, \u017ce oba dzienniki &#8222;s\u0105 adresowane do ludzi biznesu i tych, kt\u00f3rzy decyduj\u0105 o kszta\u0142cie pa\u0144stwa i gospodarki&#8221;.<\/P><br \/>\n<P>Obie redakcje zamierzaj\u0105 te\u017c wsp\u00f3\u0142pracowa\u0107 na innych polach, m.in. przy organizacji spotka\u0144 medialnych i biznesowych. Jedno z nich odby\u0142o si\u0119 we wtorek &#8211; w dyskusji po\u015bwi\u0119conej warunkom inwestowania w Polsce uczestniczy\u0142 premier Kazimierz Marcinkiewicz. <\/P><br \/>\n<P>Financial Times to wp\u0142ywowy poranny dziennik brytyjski wydawany od 1888 r. w Londynie, kolportowany szeroko w \u015bwiecie. Gazeta ma charakter umiarkowanie konserwatywny; po\u015bwi\u0119cona jest tematyce gospodarczej, finansowej i politycznej. Jest drukowana na charakterystycznym papierze \u0142ososiowego koloru. <\/P><\/p>\n","protected":false},"excerpt":{"rendered":"Dziennik Rzeczpospolita rozpoczyna wsp\u00f3\u0142prac\u0119 z londy\u0144sk\u0105 gazet\u0105 Financial Times &#8211; poinformowa\u0142a we wtorek sp\u00f3\u0142ka Presspublica. Raz w miesi\u0105cu&#8230;","protected":false},"author":1,"featured_media":84920,"comment_status":"open","ping_status":"closed","sticky":false,"template":"","format":"standard","meta":{"csco_display_header_overlay":false,"csco_singular_sidebar":"","csco_page_header_type":"","csco_page_load_nextpost":"","csco_post_video_location":[],"csco_post_video_location_hash":"","csco_post_video_url":"","csco_post_video_bg_start_time":0,"csco_post_video_bg_end_time":0,"footnotes":""},"categories":[9673],"tags":[],"class_list":{"0":"post-84919","1":"post","2":"type-post","3":"status-publish","4":"format-standard","5":"has-post-thumbnail","7":"category-prasa","8":"cs-entry","9":"cs-video-wrap"},"_links":{"self":[{"href":"https:\/\/mediarun.com\/pl\/wp-json\/wp\/v2\/posts\/84919","targetHints":{"allow":["GET"]}}],"collection":[{"href":"https:\/\/mediarun.com\/pl\/wp-json\/wp\/v2\/posts"}],"about":[{"href":"https:\/\/mediarun.com\/pl\/wp-json\/wp\/v2\/types\/post"}],"author":[{"embeddable":true,"href":"https:\/\/mediarun.com\/pl\/wp-json\/wp\/v2\/users\/1"}],"replies":[{"embeddable":true,"href":"https:\/\/mediarun.com\/pl\/wp-json\/wp\/v2\/comments?post=84919"}],"version-history":[{"count":0,"href":"https:\/\/mediarun.com\/pl\/wp-json\/wp\/v2\/posts\/84919\/revisions"}],"wp:featuredmedia":[{"embeddable":true,"href":"https:\/\/mediarun.com\/pl\/wp-json\/wp\/v2\/media\/84920"}],"wp:attachment":[{"href":"https:\/\/mediarun.com\/pl\/wp-json\/wp\/v2\/media?parent=84919"}],"wp:term":[{"taxonomy":"category","embeddable":true,"href":"https:\/\/mediarun.com\/pl\/wp-json\/wp\/v2\/categories?post=84919"},{"taxonomy":"post_tag","embeddable":true,"href":"https:\/\/mediarun.com\/pl\/wp-json\/wp\/v2\/tags?post=84919"}],"curies":[{"name":"wp","href":"https:\/\/api.w.org\/{rel}","templated":true}]}}