{"id":84899,"date":"2005-11-23T09:53:59","date_gmt":"2005-11-23T08:53:59","guid":{"rendered":"https:\/\/mediarun.com\/index.php\/news-posts\/ii-edycja-festiwalu-kultura-polskich-czasopism\/"},"modified":"2005-11-23T09:53:59","modified_gmt":"2005-11-23T08:53:59","slug":"ii-edycja-festiwalu-kultura-polskich-czasopism","status":"publish","type":"post","link":"https:\/\/mediarun.com\/pl\/media\/prasa\/ii-edycja-festiwalu-kultura-polskich-czasopism.html","title":{"rendered":"II edycja Festiwalu Kultura Polskich Czasopism"},"content":{"rendered":"<p>Formu\u0142a Festiwalu sprowadza si\u0119 do aran\u017cowania dyskusji redaktor\u00f3w  czasopism wysokonak\u0142adowych i tych o mniejszym zasi\u0119gu, a zajmuj\u0105cych<br \/>\nsi\u0119 kultur\u0105. Tematem dyskusji s\u0105 przede wszystkim problemy dotycz\u0105ce  poszczeg\u00f3lnych sztuk i funkcjonowania niskonak\u0142adowych pism w Polsce.<br \/>\nOpr\u00f3cz panelowych dyskusji przewidziane s\u0105 imprezy towarzysz\u0105ce i akcje  artystyczne.<\/p>\n<p>Go\u015b\u0107mi II edycji Festiwalu b\u0119d\u0105 m.in.:<br \/>\n\u0141ukasz Badula (&#8222;Per-Jodyk&#8221;), Marcin Baran (&#8222;Arte&#8221;), Edwin Bendyk  (&#8222;Polityka&#8221;), Grzegorz Borkowski (&#8222;Obieg&#8221;), Monika Branicka (&#8222;Art&#038;Bussines&#8221;), Max Cegielski, Jakub Duszy\u0144ski, Joanna Grotkowska (II<br \/>\nPR), Konrad K\u0119der (&#8222;FA-art&#8221;), Piotr Kowalik (&#8222;Sekcja&#8221;), Pawe\u0142 Kozio\u0142, Rafa\u0142 Ksi\u0119\u017cyk, S\u0142awomir Kupczak, Micha\u0142 Libera, Piotr Marecki (&#8222;Ha!art&#8221;), Adam Mazur (&#8222;Obieg&#8221;), Micha\u0142 Mendyk (&#8222;Glissando&#8221;), Dariusz Nowacki, Robert Ostaszewski (&#8222;Dekada Literacka&#8221;), Marek Radziwon, Marcin R\u00f3\u017cyc (&#8222;DIK Fagazine&#8221;), Wojciech Rusinek (&#8222;artPapier&#8221;), Violetta Sajkiewicz (&#8222;artPAPIER&#8221;), Robert Tekieli (&#8222;Ozon&#8221;), Jan Topolski (&#8222;Glissando&#8221;), Dariusz Trzci\u0144ski &#8222;[fo:pa]&#8221;, Magdalena Ujma (Bunkier<br \/>\nSztuki), Katarzyna Wajda (Witryna Czasopism.pl), Bogus\u0142aw Wr\u00f3blewski (&#8222;Akcent&#8221;), Bohdan Zadura (&#8222;Tw\u00f3rczo\u015b\u0107&#8221;).<\/p>\n<p>Na wszystkie imprezy festiwalowe wst\u0119p wolny.<\/p>\n<p>Miejsca, w kt\u00f3rych odbywaj\u0105 si\u0119 wydarzenia festiwalowe:<\/p>\n<p>Bunkier Sztuki, Pl. Szczepa\u0144ski 3a, Krak\u00f3w<br \/>\nCSW Zamek Ujazdowski, Al. Ujazdowskie 6, Warszawa<br \/>\nPa\u0142ac Ksi\u0105\u017c\u0105t Lubomirskich Fundacja DYNAMIS, ul. \u015aw. Jana 15, Krak\u00f3w<\/p>\n","protected":false},"excerpt":{"rendered":"W dniach 7-8 grudnia 2005 roku w Warszawie oraz\nw dniach 10-11 grudnia w Krakowie odbywa\u0107 si\u0119 b\u0119dzie II edycja Festiwalu Kultura Polskich Czasopism.\nFestiwal organizowany jest z my\u015bl\u0105 o tych wszystkich, kt\u00f3rym bliskie s\u0105  problemy wsp\u00f3\u0142czesnej kultury.","protected":false},"author":1,"featured_media":0,"comment_status":"open","ping_status":"closed","sticky":false,"template":"","format":"standard","meta":{"csco_display_header_overlay":false,"csco_singular_sidebar":"","csco_page_header_type":"","csco_page_load_nextpost":"","csco_post_video_location":[],"csco_post_video_location_hash":"","csco_post_video_url":"","csco_post_video_bg_start_time":0,"csco_post_video_bg_end_time":0,"footnotes":""},"categories":[9673],"tags":[],"class_list":{"0":"post-84899","1":"post","2":"type-post","3":"status-publish","4":"format-standard","6":"category-prasa","7":"cs-entry","8":"cs-video-wrap"},"_links":{"self":[{"href":"https:\/\/mediarun.com\/pl\/wp-json\/wp\/v2\/posts\/84899","targetHints":{"allow":["GET"]}}],"collection":[{"href":"https:\/\/mediarun.com\/pl\/wp-json\/wp\/v2\/posts"}],"about":[{"href":"https:\/\/mediarun.com\/pl\/wp-json\/wp\/v2\/types\/post"}],"author":[{"embeddable":true,"href":"https:\/\/mediarun.com\/pl\/wp-json\/wp\/v2\/users\/1"}],"replies":[{"embeddable":true,"href":"https:\/\/mediarun.com\/pl\/wp-json\/wp\/v2\/comments?post=84899"}],"version-history":[{"count":0,"href":"https:\/\/mediarun.com\/pl\/wp-json\/wp\/v2\/posts\/84899\/revisions"}],"wp:attachment":[{"href":"https:\/\/mediarun.com\/pl\/wp-json\/wp\/v2\/media?parent=84899"}],"wp:term":[{"taxonomy":"category","embeddable":true,"href":"https:\/\/mediarun.com\/pl\/wp-json\/wp\/v2\/categories?post=84899"},{"taxonomy":"post_tag","embeddable":true,"href":"https:\/\/mediarun.com\/pl\/wp-json\/wp\/v2\/tags?post=84899"}],"curies":[{"name":"wp","href":"https:\/\/api.w.org\/{rel}","templated":true}]}}