{"id":84897,"date":"2005-11-23T09:57:50","date_gmt":"2005-11-23T08:57:50","guid":{"rendered":"https:\/\/mediarun.com\/index.php\/news-posts\/dzienniki-walcza-o-wolnosc-slowa-na-bialorusi\/"},"modified":"2005-11-23T09:57:50","modified_gmt":"2005-11-23T08:57:50","slug":"dzienniki-walcza-o-wolnosc-slowa-na-bialorusi","status":"publish","type":"post","link":"https:\/\/mediarun.com\/pl\/media\/prasa\/dzienniki-walcza-o-wolnosc-slowa-na-bialorusi.html","title":{"rendered":"Dzienniki walcz\u0105 o wolno\u015b\u0107 s\u0142owa na Bia\u0142orusi"},"content":{"rendered":"<p>Celem akcji jest u\u015bwiadomienie spo\u0142ecze\u0144stwu istnienia i skali problemu ograniczania wolno\u015bci s\u0142owa na Bia\u0142orusi i nak\u0142onienie Polak\u00f3w do podj\u0119cia konkretnych dzia\u0142a\u0144, kt\u00f3re mog\u0142yby pom\u00f3c w przywr\u00f3ceniu wolno\u015bci wypowiedzi. <\/p>\n<p>W ramach wsp\u00f3\u0142pracy z Amnesty International dzienniki ukaza\u0142y si\u0119 dzi\u015b w specjalnej szacie graficznej imituj\u0105cej interwencj\u0119 cenzury &#8211; na pierwszej stronie wybrane partie artyku\u0142\u00f3w s\u0105 zaczernione, w dolnej cz\u0119\u015bci strony umieszczone jest has\u0142o przewodnie akcji: &#8222;Tak wygl\u0105da wolno\u015b\u0107 s\u0142owa na Bia\u0142orusi&#8221;. <\/p>\n<p>W specjalnym wydaniu &#8222;Gazety&#8221; przedstawiono histori\u0119 ograniczania wolno\u015bci medi\u00f3w (mi\u0119dzy innymi artyku\u0142 o zabitym Dimie Zawadskim, dogasaj\u0105cej &#8222;Narodnej Woli&#8221;, zamkni\u0119tej &#8222;Gazecie Smorgoni&#8221;). <\/p>\n<p>Na ostatniej stronie wydrukowane s\u0105 zdj\u0119cia Andrzeja Pisalnika i Miko\u0142y Markiewicza z ustami zaklejonymi szar\u0105 ta\u015bm\u0105 (g\u0142\u00f3wny motyw graficzny akcji) wraz z  tekstami o nich i o ich dzia\u0142alno\u015bci. <\/p>\n<p>W ramach akcji, do &#8222;Gazety Wyborczej&#8221; zosta\u0142a do\u0142\u0105czona kartka pocztowa zaadresowana do prezydenta Republiki Bia\u0142oru\u015b Aleksandra G. \u0141ukaszenki z protestem przeciw \u0142amaniu prawa do swobodnej wypowiedzi i prze\u015bladowaniom os\u00f3b zaanga\u017cowanych w dzia\u0142alno\u015b\u0107 opozycyjn\u0105. <\/p>\n<p>W akcji uczestnicz\u0105 tak\u017ce radio RMF FM i portal Onet.pl<\/p>\n","protected":false},"excerpt":{"rendered":"&#8222;Gazeta Wyborcza&#8221; i &#8222;Rzeczpospolita&#8221; w\u0142\u0105czy si\u0119 w organizowan\u0105 przez Amnesty International akcj\u0119 &#8222;Tak wygl\u0105da wolno\u015b\u0107 s\u0142owa na Bia\u0142orusi&#8221;. Celem akcji jest u\u015bwiadomienie spo\u0142ecze\u0144stwu istnienia i skali problemu ograniczania wolno\u015bci s\u0142owa na Bia\u0142orusi i nak\u0142onienie Polak\u00f3w do podj\u0119cia konkretnych dzia\u0142a\u0144, kt\u00f3re mog\u0142yby pom\u00f3c w przywr\u00f3ceniu wolno\u015bci wypowiedzi.","protected":false},"author":1,"featured_media":84898,"comment_status":"open","ping_status":"closed","sticky":false,"template":"","format":"standard","meta":{"csco_display_header_overlay":false,"csco_singular_sidebar":"","csco_page_header_type":"","csco_page_load_nextpost":"","csco_post_video_location":[],"csco_post_video_location_hash":"","csco_post_video_url":"","csco_post_video_bg_start_time":0,"csco_post_video_bg_end_time":0,"footnotes":""},"categories":[9673],"tags":[],"class_list":{"0":"post-84897","1":"post","2":"type-post","3":"status-publish","4":"format-standard","5":"has-post-thumbnail","7":"category-prasa","8":"cs-entry","9":"cs-video-wrap"},"_links":{"self":[{"href":"https:\/\/mediarun.com\/pl\/wp-json\/wp\/v2\/posts\/84897","targetHints":{"allow":["GET"]}}],"collection":[{"href":"https:\/\/mediarun.com\/pl\/wp-json\/wp\/v2\/posts"}],"about":[{"href":"https:\/\/mediarun.com\/pl\/wp-json\/wp\/v2\/types\/post"}],"author":[{"embeddable":true,"href":"https:\/\/mediarun.com\/pl\/wp-json\/wp\/v2\/users\/1"}],"replies":[{"embeddable":true,"href":"https:\/\/mediarun.com\/pl\/wp-json\/wp\/v2\/comments?post=84897"}],"version-history":[{"count":0,"href":"https:\/\/mediarun.com\/pl\/wp-json\/wp\/v2\/posts\/84897\/revisions"}],"wp:featuredmedia":[{"embeddable":true,"href":"https:\/\/mediarun.com\/pl\/wp-json\/wp\/v2\/media\/84898"}],"wp:attachment":[{"href":"https:\/\/mediarun.com\/pl\/wp-json\/wp\/v2\/media?parent=84897"}],"wp:term":[{"taxonomy":"category","embeddable":true,"href":"https:\/\/mediarun.com\/pl\/wp-json\/wp\/v2\/categories?post=84897"},{"taxonomy":"post_tag","embeddable":true,"href":"https:\/\/mediarun.com\/pl\/wp-json\/wp\/v2\/tags?post=84897"}],"curies":[{"name":"wp","href":"https:\/\/api.w.org\/{rel}","templated":true}]}}