{"id":84895,"date":"2005-11-23T10:00:35","date_gmt":"2005-11-23T09:00:35","guid":{"rendered":"https:\/\/mediarun.com\/index.php\/news-posts\/nowy-podzial-obowiazkow-w-zarzadzie-tvp\/"},"modified":"2005-11-23T10:00:35","modified_gmt":"2005-11-23T09:00:35","slug":"nowy-podzial-obowiazkow-w-zarzadzie-tvp","status":"publish","type":"post","link":"https:\/\/mediarun.com\/pl\/media\/tv\/nowy-podzial-obowiazkow-w-zarzadzie-tvp.html","title":{"rendered":"Nowy podzia\u0142 obowi\u0105zk\u00f3w w zarz\u0105dzie TVP"},"content":{"rendered":"<p>Nie uda\u0142o si\u0119 odwiesi\u0107 ani odwo\u0142a\u0107 \u017cadnego czasowo odsuni\u0119tych cz\u0142onk\u00f3w Rady Nadzorczej. <\/p>\n<p>Ryszard Pac\u0142awski 28 IX 2004r. Zosta\u0142 zawieszony w wyniku tajnego g\u0142osowania Rady Nadzorczej. Pac\u0142awskiego zawieszono &#8222;ze wzgl\u0119du na powodowanie op\u00f3\u017anie\u0144 w podejmowaniu istotnych dla Sp\u00f3\u0142ki decyzji dotycz\u0105cych w szczeg\u00f3lno\u015bci sfery programowej oraz ze wzgl\u0119du na brak nale\u017cytego wsp\u00f3\u0142dzia\u0142ania z Prezesem Zarz\u0105du TVP S.A.&#8221;.<\/p>\n","protected":false},"excerpt":{"rendered":"Na wczorajszym posiedzeniu Rady Nadzorczej TVP dokonano trwa\u0142ego podzia\u0142u obowi\u0105zk\u00f3w. Obowi\u0105zki dw\u00f3ch zawieszonych cz\u0142onk\u00f3w Ryszarda Pac\u0142awskiego oraz Marka Ho\u0142y\u0144skiego zosta\u0142y rozdzielone pomi\u0119dzy aktywnych cz\u0142onk\u00f3w.","protected":false},"author":1,"featured_media":84896,"comment_status":"open","ping_status":"closed","sticky":false,"template":"","format":"standard","meta":{"csco_display_header_overlay":false,"csco_singular_sidebar":"","csco_page_header_type":"","csco_page_load_nextpost":"","csco_post_video_location":[],"csco_post_video_location_hash":"","csco_post_video_url":"","csco_post_video_bg_start_time":0,"csco_post_video_bg_end_time":0,"footnotes":""},"categories":[9670],"tags":[],"class_list":{"0":"post-84895","1":"post","2":"type-post","3":"status-publish","4":"format-standard","5":"has-post-thumbnail","7":"category-tv","8":"cs-entry","9":"cs-video-wrap"},"_links":{"self":[{"href":"https:\/\/mediarun.com\/pl\/wp-json\/wp\/v2\/posts\/84895","targetHints":{"allow":["GET"]}}],"collection":[{"href":"https:\/\/mediarun.com\/pl\/wp-json\/wp\/v2\/posts"}],"about":[{"href":"https:\/\/mediarun.com\/pl\/wp-json\/wp\/v2\/types\/post"}],"author":[{"embeddable":true,"href":"https:\/\/mediarun.com\/pl\/wp-json\/wp\/v2\/users\/1"}],"replies":[{"embeddable":true,"href":"https:\/\/mediarun.com\/pl\/wp-json\/wp\/v2\/comments?post=84895"}],"version-history":[{"count":0,"href":"https:\/\/mediarun.com\/pl\/wp-json\/wp\/v2\/posts\/84895\/revisions"}],"wp:featuredmedia":[{"embeddable":true,"href":"https:\/\/mediarun.com\/pl\/wp-json\/wp\/v2\/media\/84896"}],"wp:attachment":[{"href":"https:\/\/mediarun.com\/pl\/wp-json\/wp\/v2\/media?parent=84895"}],"wp:term":[{"taxonomy":"category","embeddable":true,"href":"https:\/\/mediarun.com\/pl\/wp-json\/wp\/v2\/categories?post=84895"},{"taxonomy":"post_tag","embeddable":true,"href":"https:\/\/mediarun.com\/pl\/wp-json\/wp\/v2\/tags?post=84895"}],"curies":[{"name":"wp","href":"https:\/\/api.w.org\/{rel}","templated":true}]}}