{"id":84890,"date":"2005-11-23T10:14:50","date_gmt":"2005-11-23T09:14:50","guid":{"rendered":"https:\/\/mediarun.com\/index.php\/news-posts\/najsztub-do-wiezienia-za-prokuratora\/"},"modified":"2005-11-23T10:14:50","modified_gmt":"2005-11-23T09:14:50","slug":"najsztub-do-wiezienia-za-prokuratora","status":"publish","type":"post","link":"https:\/\/mediarun.com\/pl\/media\/prasa\/najsztub-do-wiezienia-za-prokuratora.html","title":{"rendered":"Najsztub do wi\u0119zienia za prokuratora?"},"content":{"rendered":"<p>&#8211; Naczelnemu &#8222;Przekroju&#8221; gro\u017c\u0105 nawet dwa lata wi\u0119zienia za to, \u017ce w swoim pi\u015bmie pozwoli\u0142 na tytu\u0142 &#8222;podupad\u0142y prokurator&#8221;. Prokurator obrazi\u0142 si\u0119 i teraz dziennikarza czeka sprawa o zniewa\u017cenie funkcjonariusza publicznego. &#8211; pisze &#8222;SE&#8221;<\/p>\n<p>&#8211; Gdyby Najsztub mia\u0142 i\u015b\u0107 siedzie\u0107, to nie sam. Drugim skazanym by\u0142by autor artyku\u0142u Cezary \u0141azarewicz. To on napisa\u0142 o prokuratorze z Gr\u00f3jca Grzegorzu Talarku i prowadzonych przez niego sprawach. Dziennikarz nie przedstawi\u0142 prawnika w najlepszym \u015bwietle. &#8211; donosi &#8222;Super Express&#8221;<\/p>\n<p> &#8211; Co ciekawe, pan prokurator nie zg\u0142osi\u0142 \u017cadnych zastrze\u017ce\u0144 do samego tekstu, a obrazi\u0142 si\u0119 jedynie o tytu\u0142 &#8211; m\u00f3wi \u0141azarewicz. &#8211; Poczu\u0142 si\u0119 chyba dup\u0105 i st\u0105d jego doniesienie do prokuratury. <\/p>\n<p>&#8211; Spraw\u0105 t\u0105 zajmowa\u0142a si\u0119 ju\u017c policja, prokuratura rejonowa, a nawet prokuratura okr\u0119gowa. Teraz problem dupy w s\u0142owie &#8222;podupad\u0142y&#8221; b\u0119dzie zajmowa\u0107 uwag\u0119 s\u0105du.- informuje dziennik<\/p>\n<p> Prokurator Talarek nie jest chyba or\u0142em w prokuraturze, skoro ca\u0142\u0105 swoj\u0105 energi\u0119 skupia na atakowaniu nas, szkoda tylko, \u017ce bawi si\u0119 za pieni\u0105dze podatnik\u00f3w &#8211; m\u00f3wi Piotr Najsztub. <\/p>\n","protected":false},"excerpt":{"rendered":"Piotr Najsztub mo\u017ce trafi\u0107 za kratki. &#8211; Z tym wi\u0119zieniem to jeszcze troch\u0119 poczekajmy &#8211; odpowiada &#8222;Super Expressowi&#8221; Najsztub. &#8211; Na razie czeka nas s\u0105d. A do s\u0105du p\u00f3jd\u0119 z niezwyk\u0142\u0105 przyjemno\u015bci\u0105. Nawet do S\u0105du Najwy\u017cszego. Uwa\u017cam, \u017ce nigdy do\u015b\u0107 pokazywania g\u0142upoty pewnych ludzi.","protected":false},"author":1,"featured_media":0,"comment_status":"open","ping_status":"closed","sticky":false,"template":"","format":"standard","meta":{"csco_display_header_overlay":false,"csco_singular_sidebar":"","csco_page_header_type":"","csco_page_load_nextpost":"","csco_post_video_location":[],"csco_post_video_location_hash":"","csco_post_video_url":"","csco_post_video_bg_start_time":0,"csco_post_video_bg_end_time":0,"footnotes":""},"categories":[9673],"tags":[],"class_list":{"0":"post-84890","1":"post","2":"type-post","3":"status-publish","4":"format-standard","6":"category-prasa","7":"cs-entry","8":"cs-video-wrap"},"_links":{"self":[{"href":"https:\/\/mediarun.com\/pl\/wp-json\/wp\/v2\/posts\/84890","targetHints":{"allow":["GET"]}}],"collection":[{"href":"https:\/\/mediarun.com\/pl\/wp-json\/wp\/v2\/posts"}],"about":[{"href":"https:\/\/mediarun.com\/pl\/wp-json\/wp\/v2\/types\/post"}],"author":[{"embeddable":true,"href":"https:\/\/mediarun.com\/pl\/wp-json\/wp\/v2\/users\/1"}],"replies":[{"embeddable":true,"href":"https:\/\/mediarun.com\/pl\/wp-json\/wp\/v2\/comments?post=84890"}],"version-history":[{"count":0,"href":"https:\/\/mediarun.com\/pl\/wp-json\/wp\/v2\/posts\/84890\/revisions"}],"wp:attachment":[{"href":"https:\/\/mediarun.com\/pl\/wp-json\/wp\/v2\/media?parent=84890"}],"wp:term":[{"taxonomy":"category","embeddable":true,"href":"https:\/\/mediarun.com\/pl\/wp-json\/wp\/v2\/categories?post=84890"},{"taxonomy":"post_tag","embeddable":true,"href":"https:\/\/mediarun.com\/pl\/wp-json\/wp\/v2\/tags?post=84890"}],"curies":[{"name":"wp","href":"https:\/\/api.w.org\/{rel}","templated":true}]}}