{"id":84878,"date":"2005-11-23T20:49:21","date_gmt":"2005-11-23T19:49:21","guid":{"rendered":"https:\/\/mediarun.com\/index.php\/news-posts\/indesit-sponsorem-camerimage\/"},"modified":"2005-11-23T20:49:21","modified_gmt":"2005-11-23T19:49:21","slug":"indesit-sponsorem-camerimage","status":"publish","type":"post","link":"https:\/\/mediarun.com\/pl\/trendy\/branding\/indesit-sponsorem-camerimage.html","title":{"rendered":"Indesit sponsorem Camerimage"},"content":{"rendered":"<p>Marka Indesit przeprowadzi w trakcie festiwalu konkurs &#8222;Camerimage &#8211; Indesit 2005&#8221;, kt\u00f3rego celem jest wytypowanie najlepszego, zdaniem  widz\u00f3w, filmu dnia. W\u015br\u00f3d os\u00f3b, kt\u00f3re wezm\u0105 udzia\u0142 w g\u0142osowaniu, codziennie b\u0119d\u0105 rozlosowywane nagrody w postaci produkt\u00f3w AGD marki Indesit. <\/p>\n<p>&#8222;Jako du\u017cy inwestor w regionie \u0142\u00f3dzkim, zale\u017cy nam na wspieraniu dzia\u0142alno\u015bci, kt\u00f3rych celem jest promowanie \u0141odzi na arenie mi\u0119dzynarodowej zar\u00f3wno pod wzgl\u0119dem kulturalnym jak i ekomonicznym&#8221;&#8211; powiedzia\u0142 Krzysztof Kudlek, dyrektor marketingu Indesit Company Polska. &#8222;Jeste\u015bmy bardzo zadowoleni z takiej formy wsp\u00f3\u0142pracy, gdy\u017c dla nas to tak\u017ce kolejny krok, aby by\u0107 bli\u017cej naszych konsument\u00f3w i prezentawa\u0107 nasze produkty w w zaskakuj\u0105cym  dla nich otoczeniu.<\/p>\n<p>Umowa sponsorska zapewnia tak\u017ce wy\u015bwietlanie kr\u00f3tkich spot\u00f3w reklamowych Indesit przed projekcjami film\u00f3w, prezentacje produkt\u00f3w w holu Teatru Wielkiego, gdzie odb\u0119dzie si\u0119 Festiwal, oraz obecno\u015b\u0107 logo na wszystkich materia\u0142ach reklamowych festiwalu i banerach w Teatrze Wielkim. Indesit Company Polska b\u0119dzie jedynym sponsorem festiwalu z bran\u017cy AGD. <\/p>\n","protected":false},"excerpt":{"rendered":"W najbli\u017csz\u0105 sobot\u0119, 26 listopada, rozpocznie si\u0119 w \u0141odzi ceniony na ca\u0142ym \u015bwiecie XIII Mi\u0119dzynarodowy Festiwal Sztuki Operatorskiej. Ju\u017c po raz trzeci sponsorem Festiwalu  b\u0119dzie Indesit, marka europejskiego lidera na rynku AGD &#8211; Indesit Company.","protected":false},"author":1,"featured_media":0,"comment_status":"open","ping_status":"closed","sticky":false,"template":"","format":"standard","meta":{"csco_display_header_overlay":false,"csco_singular_sidebar":"","csco_page_header_type":"","csco_page_load_nextpost":"","csco_post_video_location":[],"csco_post_video_location_hash":"","csco_post_video_url":"","csco_post_video_bg_start_time":0,"csco_post_video_bg_end_time":0,"footnotes":""},"categories":[9658],"tags":[],"class_list":{"0":"post-84878","1":"post","2":"type-post","3":"status-publish","4":"format-standard","6":"category-branding","7":"cs-entry","8":"cs-video-wrap"},"_links":{"self":[{"href":"https:\/\/mediarun.com\/pl\/wp-json\/wp\/v2\/posts\/84878","targetHints":{"allow":["GET"]}}],"collection":[{"href":"https:\/\/mediarun.com\/pl\/wp-json\/wp\/v2\/posts"}],"about":[{"href":"https:\/\/mediarun.com\/pl\/wp-json\/wp\/v2\/types\/post"}],"author":[{"embeddable":true,"href":"https:\/\/mediarun.com\/pl\/wp-json\/wp\/v2\/users\/1"}],"replies":[{"embeddable":true,"href":"https:\/\/mediarun.com\/pl\/wp-json\/wp\/v2\/comments?post=84878"}],"version-history":[{"count":0,"href":"https:\/\/mediarun.com\/pl\/wp-json\/wp\/v2\/posts\/84878\/revisions"}],"wp:attachment":[{"href":"https:\/\/mediarun.com\/pl\/wp-json\/wp\/v2\/media?parent=84878"}],"wp:term":[{"taxonomy":"category","embeddable":true,"href":"https:\/\/mediarun.com\/pl\/wp-json\/wp\/v2\/categories?post=84878"},{"taxonomy":"post_tag","embeddable":true,"href":"https:\/\/mediarun.com\/pl\/wp-json\/wp\/v2\/tags?post=84878"}],"curies":[{"name":"wp","href":"https:\/\/api.w.org\/{rel}","templated":true}]}}