{"id":84873,"date":"2005-11-23T23:17:36","date_gmt":"2005-11-23T22:17:36","guid":{"rendered":"https:\/\/mediarun.com\/index.php\/news-posts\/150-rocznica-smierci-mickiewicza-w-tvp\/"},"modified":"2005-11-23T23:17:36","modified_gmt":"2005-11-23T22:17:36","slug":"150-rocznica-smierci-mickiewicza-w-tvp","status":"publish","type":"post","link":"https:\/\/mediarun.com\/pl\/media\/tv\/150-rocznica-smierci-mickiewicza-w-tvp.html","title":{"rendered":"150. rocznica \u015bmierci Mickiewicza w TVP"},"content":{"rendered":"<p>Oprawa dnia w Programie 1 w ca\u0142o\u015bci po\u015bwi\u0119cona b\u0119dzie Adamowi Mickiewiczowi. W popularnych telenowelach, takich jak &#8222;Klan&#8221; czy &#8222;Plebania&#8221;, pojawi\u0105 si\u0119 elementy scenografii odwo\u0142uj\u0105ce si\u0119 do tw\u00f3rczo\u015bci polskiego wieszcza. W specjalnym wydaniu programu &#8222;Jaka to melodia&#8221;, prezentowane b\u0119d\u0105 utwory powsta\u0142e do tekst\u00f3w Mickiewicza. Weekendowe (26 i 27 listopada) programy m\u0142odzie\u017cowe r\u00f3wnie\u017c b\u0119d\u0105 nawi\u0105zywa\u0142y do rocznicy mickiewiczowskiej. <\/p>\n<p>Na antenie Programu 2 widzowie zobacz\u0105 &#8222;Zdania i uwagi&#8221; &#8211; widowisko artystyczne oparte na tekstach Adama Mickiewicza w re\u017cyserii Grzegorza Kr\u00f3likiewicza z muzyk\u0105 Czes\u0142awa Niemena. To program poetycko &#8211; muzyczny, w kt\u00f3rym na podstawie kilkudziesi\u0119ciu epigram\u00f3w Adama Mickiewicza zosta\u0142y stworzone obrazy wykorzystuj\u0105ce r\u00f3\u017cnorodn\u0105 technik\u0119 telewizyjn\u0105 w tym animacj\u0105 komputerow\u0105. <\/p>\n<p>Z kolei w programie El\u017cbiety Skr\u0119tkowskiej &#8222;Szansa na sukces &#8211; Adam Mickiewicz&#8221; uczestnicy b\u0119d\u0105 \u015bpiewa\u0107 piosenki do tekst\u00f3w Mickiewicza. <\/p>\n<p>Program TV Polonia przygotowa\u0142 ca\u0142odniowe obchody 150. rocznicy \u015bmierci autora &#8222;Pana Tadeusza&#8221; pod has\u0142em: &#8222;Mickiewicza Mity Polskie&#8221;. TV Polonia przypomni widzom fragmenty widowisk i spektakli z udzia\u0142em najwybitniejszych polskich autor\u00f3w, m.in.: Gustawa Holoubka, Jana Englerta, Ignacego Gogolewskiego, Krzysztofa Kolbergera i Mariusza Dmochowskiego. TV Polonia b\u0119dzie prezentowa\u0142a najciekawsze wydarzenia, kt\u00f3re b\u0119d\u0105 si\u0119 odbywa\u0107 w zwi\u0105zku z t\u0105 rocznic\u0105. B\u0119d\u0105 relacje z mi\u0119dzynarodowych sympozj\u00f3w, wystaw i zjazd\u00f3w Polonii na Bia\u0142orusi, Ukrainie, we Francji i w Niemczech. <\/p>\n<p>Wyemitowany zostanie tak\u017ce reporta\u017c &#8222;My z niego wszyscy&#8221;, pokazuj\u0105cy mickiewiczowsk\u0105 recepcj\u0119 poezji w\u015br\u00f3d Polak\u00f3w zamieszkuj\u0105cych Kresy. <\/p>\n<p>TVP Kultura 26 listopada od godz. 17.00 do 1.00 poka\u017ce blok premierowy &#8211; &#8222;Rok Mickiewiczowski&#8221;. Wyemitowane zostan\u0105 dwa filmy dokumentalne: &#8222;Mickiewicz w Pary\u017cu&#8221; w re\u017cyserii Paw\u0142a Woldana oraz &#8222;Adam &#8211; tajemnica si\u00f3dmej piecz\u0119ci&#8221;. Ponadto widzowie zobacz\u0105 debat\u0119 o wsp\u00f3\u0142czesnym odbiorze tw\u00f3rczo\u015bci polskiego wieszcza &#8222;O czym dzi\u015b &#8222;gada\u0107&#8221; z Mickiewiczem?&#8221;. Przewidziano r\u00f3wnie\u017c emisj\u0119 spektakli teatralnych: &#8222;Dziady cz. 1&#8221; i &#8222;Dziady cz. 2&#8221; w re\u017cyserii Konrada Swiniarskiego, w kt\u00f3rych wyst\u0119puj\u0105: Jerzy Trela, Anna Polony, Andrzej Kozak, Jerzy Stuhr, Wiktor Sadecki, Roman Stankiewicz, Izabela Olszewska, Zygmunt J\u00f3zefczak, Anna Dymna i Tadeusz Malak. <\/p>\n<p>TVP Kultura ju\u017c wcze\u015bniej, 22 listopada, wyemitowa\u0142a blok premierowy &#8222;Rewizje romantyczne&#8221;. By\u0142 to dzie\u0144 po\u015bwi\u0119cony dramaturgii i teatrowi romantycznemu z okazji 150. rocznicy \u015bmierci Adama Mickiewicza. W TVP Kultura pokazano &#8222;Pana Tadeusza. Ksi\u0119g\u0119 I &#8222;Gospodarstwo&#8221; w re\u017cyserii Adama Hanuszkiewicza oraz programy dokumentalne: &#8222;Konwencje teatralne. Teatr romantyczny.&#8221;, &#8222;Oto obchodzimy Dziady.&#8221;, &#8222;Teatr i polityka. Dziady 1967-68.&#8221;, &#8222;Rozmowy na koniec wieku. Z Mari\u0105 Janion o przemocy romantycznej.&#8221;<\/p>\n","protected":false},"excerpt":{"rendered":"26 listopada widzowie Telewizji Polskiej zobacz\u0105 programy przygotowane specjalnie z okazji przypadaj\u0105cej tego dnia 150. rocznicy \u015bmierci Adama Mickiewicza.","protected":false},"author":1,"featured_media":84874,"comment_status":"open","ping_status":"closed","sticky":false,"template":"","format":"standard","meta":{"csco_display_header_overlay":false,"csco_singular_sidebar":"","csco_page_header_type":"","csco_page_load_nextpost":"","csco_post_video_location":[],"csco_post_video_location_hash":"","csco_post_video_url":"","csco_post_video_bg_start_time":0,"csco_post_video_bg_end_time":0,"footnotes":""},"categories":[9670],"tags":[],"class_list":{"0":"post-84873","1":"post","2":"type-post","3":"status-publish","4":"format-standard","5":"has-post-thumbnail","7":"category-tv","8":"cs-entry","9":"cs-video-wrap"},"_links":{"self":[{"href":"https:\/\/mediarun.com\/pl\/wp-json\/wp\/v2\/posts\/84873","targetHints":{"allow":["GET"]}}],"collection":[{"href":"https:\/\/mediarun.com\/pl\/wp-json\/wp\/v2\/posts"}],"about":[{"href":"https:\/\/mediarun.com\/pl\/wp-json\/wp\/v2\/types\/post"}],"author":[{"embeddable":true,"href":"https:\/\/mediarun.com\/pl\/wp-json\/wp\/v2\/users\/1"}],"replies":[{"embeddable":true,"href":"https:\/\/mediarun.com\/pl\/wp-json\/wp\/v2\/comments?post=84873"}],"version-history":[{"count":0,"href":"https:\/\/mediarun.com\/pl\/wp-json\/wp\/v2\/posts\/84873\/revisions"}],"wp:featuredmedia":[{"embeddable":true,"href":"https:\/\/mediarun.com\/pl\/wp-json\/wp\/v2\/media\/84874"}],"wp:attachment":[{"href":"https:\/\/mediarun.com\/pl\/wp-json\/wp\/v2\/media?parent=84873"}],"wp:term":[{"taxonomy":"category","embeddable":true,"href":"https:\/\/mediarun.com\/pl\/wp-json\/wp\/v2\/categories?post=84873"},{"taxonomy":"post_tag","embeddable":true,"href":"https:\/\/mediarun.com\/pl\/wp-json\/wp\/v2\/tags?post=84873"}],"curies":[{"name":"wp","href":"https:\/\/api.w.org\/{rel}","templated":true}]}}