{"id":84842,"date":"2005-11-24T00:33:30","date_gmt":"2005-11-23T23:33:30","guid":{"rendered":"https:\/\/mediarun.com\/index.php\/news-posts\/zmiana-prezesa-w-gj-polska\/"},"modified":"2005-11-24T00:33:30","modified_gmt":"2005-11-23T23:33:30","slug":"zmiana-prezesa-w-gj-polska","status":"publish","type":"post","link":"https:\/\/mediarun.com\/pl\/media\/prasa\/zmiana-prezesa-w-gj-polska.html","title":{"rendered":"Zmiana prezesa w G+J Polska."},"content":{"rendered":"<p>Oliver Voigt przejmuje obowi\u0105zki Prezesa Zarz\u0105du i Wydawcy Verlagsgruppe NEWS w Wiedniu (Austria). Na arenie mi\u0119dzynarodowej, Austria jest drugim co do wielko\u015bci rynkiem prasowym dla G+J, zaraz po Francji.<br \/>\n Oliver Voigt: &#8222;Dobiega ko\u0144ca bardzo ekscytuj\u0105cy dla mnie okres. Podejmuj\u0119 nowe obowi\u0105zki z rado\u015bci\u0105, ale te\u017c rozstaj\u0119 si\u0119 z Polsk\u0105 z nieukrywanym \u017calem. Bardzo ci\u0119\u017cko jest opuszcza\u0107 miejsce, w kt\u00f3rym tylu ludzi nie tylko \u015bwietnie pracuje, ale stwarza r\u00f3wnie\u017c niepowtarzaln\u0105 atmosfer\u0119. B\u0119dzie mi ich wszystkich bardzo brakowa\u0142o. <\/p>\n<p>Niemniej ciesz\u0119 si\u0119, \u017ce mog\u0119 podj\u0105\u0107 nowe wyzwania w grupie NEWS w Austrii, kt\u00f3ra jest bardzo wa\u017cn\u0105 firm\u0105 na \u015bwiatowej mapie G+J.<\/p>\n<p>Od kilku miesi\u0119cy, razem z Torstenem-Joernem Kleinem (President &#038; CEO International Magazine Division), zastanawiali\u015bmy si\u0119, kto powinien przej\u0105\u0107 kierownictwo G+J Polska. Zdecydowali\u015bmy, \u017ce to odpowiedzialne zadanie powierzymy Magdalenie Malickiej. Jestem dumny, \u017ce moim nast\u0119pc\u0105 zostanie cz\u0142onek polskiego managementu. Awans Magdaleny Malickiej napawa mnie dum\u0105 tym bardziej, \u017ce jest ona pierwsz\u0105 kobiet\u0105 w historii G+J obejmuj\u0105c\u0105 stanowisko prezesa zagranicznej jednostki naszej firmy. <\/p>\n<p>Magda Malicka sko\u0144czy\u0142a filologi\u0119 roma\u0144sk\u0105 na Uniwersytecie Jagiello\u0144skim, teatrologi\u0119 na Sorbonie oraz MBA w dziedzinie zarz\u0105dzania i marketingu w Szkole Biznesu Politechniki Warszawskiej i Wy\u017cszej Szkole Handlowej HEC w Pary\u017cu. <\/p>\n<p>W 2000 roku rozpocz\u0119\u0142a prac\u0119 w G+J Polska jako Produkt Manager tygodnika Naj, nast\u0119pnie awansowa\u0142a na stanowisko Dyrektora Wydawniczego. Kolejnym etapem w jej karierze by\u0142o stanowisko Wydawcy magazyn\u00f3w kobiecych (Naj, Claudia, Moje Mieszkanie, Moje Gotowanie, Rodzice), kt\u00f3re piastuje od maja ubieg\u0142ego roku. Magda Malicka odnios\u0142a ogromny sukces w G+J Polska i jestem na 100% pewien, \u017ce doskonale poprowadzi nasz\u0105 firm\u0119.&#8221;<\/p>\n<p>Torsten-Joern Klein (President &#038; CEO International Magazine Division): &#8222;Bardzo dzi\u0119kuje Oliverowi Voigtowi za jego \u015bwietn\u0105 prac\u0119 w G+J Polska. Uda\u0142o mu si\u0119 z ogromnym sukcesem wprowadzi\u0107 na rynek polski Gal\u0119 i Glamour oraz umocni\u0107 pozycj\u0119 firmy w bardzo trudnej sytuacji na rynku. Jestem szcz\u0119\u015bliwy, \u017ce znale\u017ali\u015bmy w osobie Magdaleny Malickiej wspania\u0142ego nast\u0119pc\u0119 Olivera Voigta.<\/p>\n<p>Magdalena Malicka jest znakomitym Wydawc\u0105 i doskonale zna polski rynek prasy. Ciesz\u0119 si\u0119, \u017ce mo\u017cemy powierzy\u0107 to wa\u017cne stanowisko Prezesa osobie pochodz\u0105cej ze struktur firmy. \u017bycz\u0119 jej powodzenia.&#8221;<\/p>\n","protected":false},"excerpt":{"rendered":"Oliver Voigt (39) w dniu 1 stycznia 2006 roku przeka\u017ce obowi\u0105zki Prezesa Zarz\u0105du Magdalenie Malickiej (35), kt\u00f3ra do tej pory zajmowa\u0142a w G+J Polska stanowisko Wydawcy tytu\u0142\u00f3w kobiecych.","protected":false},"author":1,"featured_media":84843,"comment_status":"open","ping_status":"closed","sticky":false,"template":"","format":"standard","meta":{"csco_display_header_overlay":false,"csco_singular_sidebar":"","csco_page_header_type":"","csco_page_load_nextpost":"","csco_post_video_location":[],"csco_post_video_location_hash":"","csco_post_video_url":"","csco_post_video_bg_start_time":0,"csco_post_video_bg_end_time":0,"footnotes":""},"categories":[9673],"tags":[],"class_list":{"0":"post-84842","1":"post","2":"type-post","3":"status-publish","4":"format-standard","5":"has-post-thumbnail","7":"category-prasa","8":"cs-entry","9":"cs-video-wrap"},"_links":{"self":[{"href":"https:\/\/mediarun.com\/pl\/wp-json\/wp\/v2\/posts\/84842","targetHints":{"allow":["GET"]}}],"collection":[{"href":"https:\/\/mediarun.com\/pl\/wp-json\/wp\/v2\/posts"}],"about":[{"href":"https:\/\/mediarun.com\/pl\/wp-json\/wp\/v2\/types\/post"}],"author":[{"embeddable":true,"href":"https:\/\/mediarun.com\/pl\/wp-json\/wp\/v2\/users\/1"}],"replies":[{"embeddable":true,"href":"https:\/\/mediarun.com\/pl\/wp-json\/wp\/v2\/comments?post=84842"}],"version-history":[{"count":0,"href":"https:\/\/mediarun.com\/pl\/wp-json\/wp\/v2\/posts\/84842\/revisions"}],"wp:featuredmedia":[{"embeddable":true,"href":"https:\/\/mediarun.com\/pl\/wp-json\/wp\/v2\/media\/84843"}],"wp:attachment":[{"href":"https:\/\/mediarun.com\/pl\/wp-json\/wp\/v2\/media?parent=84842"}],"wp:term":[{"taxonomy":"category","embeddable":true,"href":"https:\/\/mediarun.com\/pl\/wp-json\/wp\/v2\/categories?post=84842"},{"taxonomy":"post_tag","embeddable":true,"href":"https:\/\/mediarun.com\/pl\/wp-json\/wp\/v2\/tags?post=84842"}],"curies":[{"name":"wp","href":"https:\/\/api.w.org\/{rel}","templated":true}]}}