{"id":84841,"date":"2005-11-24T00:35:10","date_gmt":"2005-11-23T23:35:10","guid":{"rendered":"https:\/\/mediarun.com\/index.php\/news-posts\/pierwsi-absolwenci-specjalizacji-ds-wydawniczych\/"},"modified":"2005-11-24T00:35:10","modified_gmt":"2005-11-23T23:35:10","slug":"pierwsi-absolwenci-specjalizacji-ds-wydawniczych","status":"publish","type":"post","link":"https:\/\/mediarun.com\/pl\/media\/prasa\/pierwsi-absolwenci-specjalizacji-ds-wydawniczych.html","title":{"rendered":"Pierwsi absolwenci specjalizacji ds. Wydawniczych"},"content":{"rendered":"<p>Agnieszka \u017bukowska nie mog\u0142a osobi\u015bcie odebra\u0107 dyplomu w Polsko-Niemieckiej Izbie Przemys\u0142owo-Handlowej z powodu narodzin pierwszego swojego dziecka, kt\u00f3re przysz\u0142o na \u015bwiat w styczniu. Dyplom zosta\u0142 dostarczony jej do domu. <\/p>\n","protected":false},"excerpt":{"rendered":"W ubieg\u0142ym tygodniu pierwszy rocznik student\u00f3w Specjalista ds. Wydawniczych uko\u0144czy\u0142 nauk\u0119. Dyplomy uko\u0144czenia dwuletniego programu stworzonego przez G+J Polska oraz Polsko-Niemieck\u0105 Izb\u0119 Przemys\u0142owo-Handlow\u0105 otrzymali Marta Andrzejczak, Paulina Nowak, Michal Wieteska oraz Agnieszka \u017bukowska.","protected":false},"author":1,"featured_media":0,"comment_status":"open","ping_status":"closed","sticky":false,"template":"","format":"standard","meta":{"csco_display_header_overlay":false,"csco_singular_sidebar":"","csco_page_header_type":"","csco_page_load_nextpost":"","csco_post_video_location":[],"csco_post_video_location_hash":"","csco_post_video_url":"","csco_post_video_bg_start_time":0,"csco_post_video_bg_end_time":0,"footnotes":""},"categories":[9673],"tags":[],"class_list":{"0":"post-84841","1":"post","2":"type-post","3":"status-publish","4":"format-standard","6":"category-prasa","7":"cs-entry","8":"cs-video-wrap"},"_links":{"self":[{"href":"https:\/\/mediarun.com\/pl\/wp-json\/wp\/v2\/posts\/84841","targetHints":{"allow":["GET"]}}],"collection":[{"href":"https:\/\/mediarun.com\/pl\/wp-json\/wp\/v2\/posts"}],"about":[{"href":"https:\/\/mediarun.com\/pl\/wp-json\/wp\/v2\/types\/post"}],"author":[{"embeddable":true,"href":"https:\/\/mediarun.com\/pl\/wp-json\/wp\/v2\/users\/1"}],"replies":[{"embeddable":true,"href":"https:\/\/mediarun.com\/pl\/wp-json\/wp\/v2\/comments?post=84841"}],"version-history":[{"count":0,"href":"https:\/\/mediarun.com\/pl\/wp-json\/wp\/v2\/posts\/84841\/revisions"}],"wp:attachment":[{"href":"https:\/\/mediarun.com\/pl\/wp-json\/wp\/v2\/media?parent=84841"}],"wp:term":[{"taxonomy":"category","embeddable":true,"href":"https:\/\/mediarun.com\/pl\/wp-json\/wp\/v2\/categories?post=84841"},{"taxonomy":"post_tag","embeddable":true,"href":"https:\/\/mediarun.com\/pl\/wp-json\/wp\/v2\/tags?post=84841"}],"curies":[{"name":"wp","href":"https:\/\/api.w.org\/{rel}","templated":true}]}}