{"id":84840,"date":"2005-11-24T00:47:28","date_gmt":"2005-11-23T23:47:28","guid":{"rendered":"https:\/\/mediarun.com\/index.php\/news-posts\/krrit-karci-lokalna-telewizje\/"},"modified":"2005-11-24T00:47:28","modified_gmt":"2005-11-23T23:47:28","slug":"krrit-karci-lokalna-telewizje","status":"publish","type":"post","link":"https:\/\/mediarun.com\/pl\/media\/tv\/krrit-karci-lokalna-telewizje.html","title":{"rendered":"KRRiT karci lokaln\u0105 telewizj\u0119"},"content":{"rendered":"<p>&#8211; Bezpo\u015brednini powodem oceny KRRiT by\u0142o trzykrotne wyemitowanie wywiadu z Janem Rokit\u0105 tu\u017c przed wyborami parlamentarnymi. Rokita nie ukrywa\u0142, \u017ce przyjecha\u0142 wesprze\u0107 kandydatur\u0119 Janusza Kowalskiego, swojego partyjnego kolegi. &#8211; informuje &#8222;Nowa Trybuna Opolska&#8221;<\/p>\n<p> &#8211; W samorz\u0105dowej telewizji lider jednego ugrupowania politycznego zachwala kandydata swojej partii. W naszym odczuciu takiej szansy nie mieli przedstawiciele innych partii uczestnicz\u0105cych w wyborach &#8211; twierdzi Rafa\u0142 Rastawicki, rzecznik KRRiT.<\/p>\n<p> &#8211; Przewodnicz\u0105ca Rady podpisze w tym tygodniu pismo do MTO, zwracaj\u0105c uwag\u0119 na uchybienia i zastrze\u017cenia wobec tego rodzaju praktyk. MTO to jedyna samorz\u0105dowa telewizja w Polsce. Ju\u017c kilka razy oskar\u017cana by\u0142a o sprzyjanie w\u0142adzy. Pikanterii sprawie dodaje fakt, \u017ce telewizja przetrwa\u0142a ten rok tylko dzi\u0119ki przyznaniu przez rad\u0119 miasta dotacji, o kt\u00f3r\u0105 jak lwy walczyli polscy rajcowie PO. mczasem w ocenie Anny Mo\u0142odeckiej, prezesa MTO, kt\u00f3ra amua przeprowadzi\u0142a wywiad z Rokit\u0105, by\u0142 interesuj\u0105cy i kuturalny &#8211; Stwierdzi\u0142a to Rada Etyki Medi\u00f3w &#8211; t\u0142umaczy Mo\u0142odecka. &#8211; Nie to by\u0142o przedmiotem skarg &#8211; odpiera Rastawicki. Dariusz Smaga\u0142a, radny Demokrat\u00f3w: &#8211; Pani\u0105 prezes czeka du\u017co pracy, bo dzi\u015b MTO jest postrzegana jako telewizja Platformy.<\/p>\n","protected":false},"excerpt":{"rendered":"Miejska Telewizja Opole nie by\u0142a bezstronna, pokazuj\u0105c trzy razy wywiad z liderem PO. To stanowisko Krajowej Rady Radiofonii i Telewizji, kt\u00f3ra przyjrza\u0142a si\u0119 programowi Miejskiej TeIewizji Opole. &#8211; donosi &#8222;Nowa Trybuna Opolska&#8221;","protected":false},"author":1,"featured_media":0,"comment_status":"open","ping_status":"closed","sticky":false,"template":"","format":"standard","meta":{"csco_display_header_overlay":false,"csco_singular_sidebar":"","csco_page_header_type":"","csco_page_load_nextpost":"","csco_post_video_location":[],"csco_post_video_location_hash":"","csco_post_video_url":"","csco_post_video_bg_start_time":0,"csco_post_video_bg_end_time":0,"footnotes":""},"categories":[9670],"tags":[],"class_list":{"0":"post-84840","1":"post","2":"type-post","3":"status-publish","4":"format-standard","6":"category-tv","7":"cs-entry","8":"cs-video-wrap"},"_links":{"self":[{"href":"https:\/\/mediarun.com\/pl\/wp-json\/wp\/v2\/posts\/84840","targetHints":{"allow":["GET"]}}],"collection":[{"href":"https:\/\/mediarun.com\/pl\/wp-json\/wp\/v2\/posts"}],"about":[{"href":"https:\/\/mediarun.com\/pl\/wp-json\/wp\/v2\/types\/post"}],"author":[{"embeddable":true,"href":"https:\/\/mediarun.com\/pl\/wp-json\/wp\/v2\/users\/1"}],"replies":[{"embeddable":true,"href":"https:\/\/mediarun.com\/pl\/wp-json\/wp\/v2\/comments?post=84840"}],"version-history":[{"count":0,"href":"https:\/\/mediarun.com\/pl\/wp-json\/wp\/v2\/posts\/84840\/revisions"}],"wp:attachment":[{"href":"https:\/\/mediarun.com\/pl\/wp-json\/wp\/v2\/media?parent=84840"}],"wp:term":[{"taxonomy":"category","embeddable":true,"href":"https:\/\/mediarun.com\/pl\/wp-json\/wp\/v2\/categories?post=84840"},{"taxonomy":"post_tag","embeddable":true,"href":"https:\/\/mediarun.com\/pl\/wp-json\/wp\/v2\/tags?post=84840"}],"curies":[{"name":"wp","href":"https:\/\/api.w.org\/{rel}","templated":true}]}}