{"id":84821,"date":"2005-11-24T06:00:00","date_gmt":"2005-11-24T05:00:00","guid":{"rendered":"https:\/\/mediarun.com\/index.php\/news-posts\/polskie-media-w-obronie-wolnosci-slowa\/"},"modified":"2005-11-24T06:00:00","modified_gmt":"2005-11-24T05:00:00","slug":"polskie-media-w-obronie-wolnosci-slowa","status":"publish","type":"post","link":"https:\/\/mediarun.com\/pl\/media\/prasa\/polskie-media-w-obronie-wolnosci-slowa.html","title":{"rendered":"Polskie media w obronie wolno\u015bci s\u0142owa"},"content":{"rendered":"<p><P>upominaj\u0105 si\u0119 o wolno\u015b\u0107 s\u0142owa na Bia\u0142orusi.<BR><BR>Celem akcji jest u\u015bwiadomienie spo\u0142ecze\u0144stwu istnienia i skali problemu ograniczania wolno\u015bci s\u0142owa na Bia\u0142orusi i nak\u0142onienie Polak\u00f3w do podj\u0119cia konkretnych dzia\u0142a\u0144, kt\u00f3re mog\u0142yby pom\u00f3c w przywr\u00f3ceniu wolno\u015bci wypowiedzi. <BR><BR>W ramach wsp\u00f3\u0142pracy z Amnesty International Gazeta Wyborcza i Rzeczpospolita ukaza\u0142y si\u0119 wczoraj w specjalnej szacie graficznej imituj\u0105cej interwencj\u0119 cenzury &#8211; na pierwszej stronie wybrane partie artyku\u0142\u00f3w s\u0105 zaczernione, w dolnej cz\u0119\u015bci strony umieszczone jest has\u0142o przewodnie akcji: &#8222;Tak wygl\u0105da wolno\u015b\u0107 s\u0142owa na Bia\u0142orusi&#8221;. <BR><BR>W ramach akcji do gazet zosta\u0142a do\u0142\u0105czona kartka pocztowa zaadresowana do prezydenta Republiki Bia\u0142oru\u015b Aleksandra G. \u0141ukaszenki z protestem przeciw \u0142amaniu prawa do swobodnej wypowiedzi i prze\u015bladowaniom os\u00f3b zaanga\u017cowanych w dzia\u0142alno\u015b\u0107 opozycyjn\u0105.<BR><BR>W akcji uczestniczy\u0142o te\u017c radio RMF FM oraz portale gazeta.pl i onet.pl. Protest zorganizowa\u0142a Amnesty International. W ramach kampanii &#8222;Wolno\u015b\u0107 s\u0142owa na Bia\u0142orusi&#8221; w najwi\u0119kszych polskich miastach, a tak\u017ce w Brukseli, pojawi\u0142y si\u0119 na drzewach i latarniach plakaty dziennikarzy i dzia\u0142aczy, prze\u015bladowanych przez re\u017cim \u0141ukaszenki.<\/P><\/p>\n","protected":false},"excerpt":{"rendered":"Wczoraj Gazeta Wyborcza po raz pierwszy od 1989 r. wysz\u0142a ze \u015bladami ingerencji cenzury. Podobnie jak Rzeczpospolita. W ten spos\u00f3b polskie media wsp\u00f3lnie&#8230;","protected":false},"author":1,"featured_media":84822,"comment_status":"open","ping_status":"closed","sticky":false,"template":"","format":"standard","meta":{"csco_display_header_overlay":false,"csco_singular_sidebar":"","csco_page_header_type":"","csco_page_load_nextpost":"","csco_post_video_location":[],"csco_post_video_location_hash":"","csco_post_video_url":"","csco_post_video_bg_start_time":0,"csco_post_video_bg_end_time":0,"footnotes":""},"categories":[9673],"tags":[],"class_list":{"0":"post-84821","1":"post","2":"type-post","3":"status-publish","4":"format-standard","5":"has-post-thumbnail","7":"category-prasa","8":"cs-entry","9":"cs-video-wrap"},"_links":{"self":[{"href":"https:\/\/mediarun.com\/pl\/wp-json\/wp\/v2\/posts\/84821","targetHints":{"allow":["GET"]}}],"collection":[{"href":"https:\/\/mediarun.com\/pl\/wp-json\/wp\/v2\/posts"}],"about":[{"href":"https:\/\/mediarun.com\/pl\/wp-json\/wp\/v2\/types\/post"}],"author":[{"embeddable":true,"href":"https:\/\/mediarun.com\/pl\/wp-json\/wp\/v2\/users\/1"}],"replies":[{"embeddable":true,"href":"https:\/\/mediarun.com\/pl\/wp-json\/wp\/v2\/comments?post=84821"}],"version-history":[{"count":0,"href":"https:\/\/mediarun.com\/pl\/wp-json\/wp\/v2\/posts\/84821\/revisions"}],"wp:featuredmedia":[{"embeddable":true,"href":"https:\/\/mediarun.com\/pl\/wp-json\/wp\/v2\/media\/84822"}],"wp:attachment":[{"href":"https:\/\/mediarun.com\/pl\/wp-json\/wp\/v2\/media?parent=84821"}],"wp:term":[{"taxonomy":"category","embeddable":true,"href":"https:\/\/mediarun.com\/pl\/wp-json\/wp\/v2\/categories?post=84821"},{"taxonomy":"post_tag","embeddable":true,"href":"https:\/\/mediarun.com\/pl\/wp-json\/wp\/v2\/tags?post=84821"}],"curies":[{"name":"wp","href":"https:\/\/api.w.org\/{rel}","templated":true}]}}