{"id":84804,"date":"2005-11-24T09:33:33","date_gmt":"2005-11-24T08:33:33","guid":{"rendered":"https:\/\/mediarun.com\/index.php\/news-posts\/wygraja-takze-z-mediami\/"},"modified":"2005-11-24T09:33:33","modified_gmt":"2005-11-24T08:33:33","slug":"wygraja-takze-z-mediami","status":"publish","type":"post","link":"https:\/\/mediarun.com\/pl\/digital\/internet\/wygraja-takze-z-mediami.html","title":{"rendered":"Wygraj\u0105 tak\u017ce z mediami?"},"content":{"rendered":"<p>&#8222;Trwa dyskusja o tym, \u017ce PiS chce przej\u0105\u0107 kontrol\u0119 nad mediami publicznymi i dlatego przygotowa\u0142o b\u0142yskawiczn\u0105 nowelizacj\u0119 ustawy o mediach. G\u0142os zabiera Tomasz Markowski, wiceszef klubu PiS w Sejmie: My\u015bmy nigdy jako ta prawica inwigiIdwana czy prawica nazywana oszo\u0142omami nie mieli \u017cadnego realnego wp\u0142ywu na media publiczne. Teraz chcemy go mie\u0107 mimo tego. \u017ce b\u0119dzie krzyki ha\u0142as si\u0119 podnosi\u0142, rwetes i lament. Chcemy rzeczywi\u015bcie mie\u0107 bardzo silny wp\u0142yw na media (&#8230;). Bierzemy pe\u0142n\u0105 odpowiedzialno\u015b\u0107 za to, \u017ceby media funkcjonowa\u0142y w spos\u00f3b obiektywny. Spodziewam si\u0119 krzyku, ale bior\u0119 za to pe\u0142n\u0105 odpowiedzialno\u015b\u0107. Pose\u0142 sugerowa\u0142 te\u017c, \u017ce przeciw planowanemu przez PiS upolitycznieniu medi\u00f3w protestowa\u0107 b\u0119d\u0105 ci dziennikarze, kt\u00f3rzy wsp\u00f3\u0142pracowali ze s\u0142u\u017cbami specjalnymi. Markowski to pierwszy polityk PiS-u, kt\u00f3ry tak otwarcie przyznaje to, o czym od tygodnia m\u00f3wi opozycja: \u017ce partia braci Kaczy\u0144skich zamierza kontrolowa\u0107 media publiczne.&#8221; &#8211; czytamy w Gazecie Wyborczej.<\/p>\n<p>&#8222;Pierwszym krokiem do uzyskania tej kontroli ma by\u0107 przej\u0119cie Krajowej Rady Radiofonii i Telewizji. Prawo i Sprawiedliwo\u015b\u0107 przygotowa\u0142o nowelizacj\u0119 ustawy o mediach, kt\u00f3ra mu na to pozwoli. Projekt zak\u0142ada bowiem ograniczenie liczby cz\u0142onk\u00f3w KRRiT z dziewi\u0119ciu do trzech. T\u0119 tr\u00f3jk\u0119 wybiera\u0142by Sejm, Senat i prezydent. W praktyce oznacza to, \u017ce nowa Krajowa Rada b\u0119dzie zdominowana przez PiS. Jednego cz\u0142onka wybierze Lech Kaczy\u0144ski prezydent, drugiego Jaros\u0142aw Kaczy\u0144ski prezes PiS-uj \u017cartowa\u0142 w niedziel\u0119 w Radiu Zet Jan Rokita. A trzeci cz\u0142onek mo\u017ce zosta\u0107 wybrany dzi\u0119ki koalicji PiS np. z Samoobron\u0105.&#8221;<\/p>\n<p>&#8222;To w\u0142a\u015bnie KRRiT kontroluje media publiczne. Na wiosn\u0119 przysz\u0142ego roku wybierze nowe rady nadzoreze medi\u00f3w publicznych na trzyletni\u0105 kadencj\u0119. Deklaracja Markowskiego dotar\u0142a wczotaj do stolicy, do jego partyjnego zwierzchnika szefa klubu PiS-u Przemys\u0142awa Gosiewskiego. W imieniu partii Gosiewski od tygodnia zaprzecza oskar\u017ceniom o ch\u0119\u0107 skoku na TVP. Wczoraj wezwa\u0142 Markowskiego. Po spotkaniu Markowski m\u00f3wi\u0142 ju\u017c inaczej: Kiedy m\u00f3wi\u0142em o wp\u0142ywie PiS-u na media publiczne, chodzi\u0142o mi o powo\u0142anie ekspert\u00f3w do KRRiT. Rozwi\u0105zanie polegaj\u0105ce na zaanga\u017cowaniu Sejmu, Senatu i prezydenta jest rozwi\u0105zaniem obiektywnym. Gosiewski nie chcia\u0142 z Gazet\u0105 rozmawia\u0107.&#8221; &#8211; czytamy w Gazecie Wyborczej.<\/p>\n<p>&#8222;Senator PO Stefan Niesio\u0142owski: To pr\u00f3ba zaw\u0142aszczenia medi\u00f3w przez jedn\u0105 parti\u0119. Po prostu Markowski powiedzia\u0142 publicznie to, czego inni w PiS-ie nie chc\u0105 przyzna\u0107. Licz\u0119, \u017ce projekt PiS-u nie znajdziew Sejmie wi\u0119kszo\u015bci. Nowelizacj\u0119 ju\u017c skrytykowa\u0142y Samoobrona, SLD i PO. Kluby te chc\u0105 przygotowa\u0107 w\u0142asne zmiany ustawy medialnej. Podczas kampanii wybonzej bracia Kaczy\u0144scy mieli wiele zastrze\u017ce\u0144 do TVP. Lech Kaczy\u0144ski po wygranych wyborach prezydenckich wprost m\u00f3wi\u0142, \u017ce kampani\u0119 wygra\u0142 tak\u017ce z mediami.&#8221; &#8211; pisze Gazeta Wyborcza.<\/p>\n","protected":false},"excerpt":{"rendered":"&#8222;Nigdy jako prawica nie mieli realnego wp\u0142ywu na media publiczne. Teraz chcemy mie\u0107 bardzo silny. &#8211; t\u0119 zaskakuj\u0105co szczer\u0105 deklaracj\u0119 wyg\u0142osi\u0142 Tomasz Markowski, wiceprzewodnicz\u0105cy klubu parlamentarnego PiS.&#8221; &#8211; pisze Gazeta Wyborcza.","protected":false},"author":1,"featured_media":0,"comment_status":"open","ping_status":"closed","sticky":false,"template":"","format":"standard","meta":{"csco_display_header_overlay":false,"csco_singular_sidebar":"","csco_page_header_type":"","csco_page_load_nextpost":"","csco_post_video_location":[],"csco_post_video_location_hash":"","csco_post_video_url":"","csco_post_video_bg_start_time":0,"csco_post_video_bg_end_time":0,"footnotes":""},"categories":[9676],"tags":[],"class_list":{"0":"post-84804","1":"post","2":"type-post","3":"status-publish","4":"format-standard","6":"category-internet","7":"cs-entry","8":"cs-video-wrap"},"_links":{"self":[{"href":"https:\/\/mediarun.com\/pl\/wp-json\/wp\/v2\/posts\/84804","targetHints":{"allow":["GET"]}}],"collection":[{"href":"https:\/\/mediarun.com\/pl\/wp-json\/wp\/v2\/posts"}],"about":[{"href":"https:\/\/mediarun.com\/pl\/wp-json\/wp\/v2\/types\/post"}],"author":[{"embeddable":true,"href":"https:\/\/mediarun.com\/pl\/wp-json\/wp\/v2\/users\/1"}],"replies":[{"embeddable":true,"href":"https:\/\/mediarun.com\/pl\/wp-json\/wp\/v2\/comments?post=84804"}],"version-history":[{"count":0,"href":"https:\/\/mediarun.com\/pl\/wp-json\/wp\/v2\/posts\/84804\/revisions"}],"wp:attachment":[{"href":"https:\/\/mediarun.com\/pl\/wp-json\/wp\/v2\/media?parent=84804"}],"wp:term":[{"taxonomy":"category","embeddable":true,"href":"https:\/\/mediarun.com\/pl\/wp-json\/wp\/v2\/categories?post=84804"},{"taxonomy":"post_tag","embeddable":true,"href":"https:\/\/mediarun.com\/pl\/wp-json\/wp\/v2\/tags?post=84804"}],"curies":[{"name":"wp","href":"https:\/\/api.w.org\/{rel}","templated":true}]}}