{"id":84803,"date":"2005-11-24T12:34:32","date_gmt":"2005-11-24T11:34:32","guid":{"rendered":"https:\/\/mediarun.com\/index.php\/news-posts\/prace-nad-nowymi-dziennikami\/"},"modified":"2005-11-24T12:34:32","modified_gmt":"2005-11-24T11:34:32","slug":"prace-nad-nowymi-dziennikami","status":"publish","type":"post","link":"https:\/\/mediarun.com\/pl\/media\/prasa\/prace-nad-nowymi-dziennikami.html","title":{"rendered":"Prace nad nowymi dziennikami"},"content":{"rendered":"<p>Wydawca ma przeznaczy\u0107 na uruchomienie projektu oko\u0142o 100 mln z\u0142. Na razie obok przygotowa\u0144 redakcyjnych trwa\u0107 b\u0119d\u0105 tak\u017ce badania rynku. Wed\u0142ug informacji &#8222;Gazety Prawnej&#8221;, w siedzibie niemieckiego wydawcy rozwa\u017cane s\u0105 natomiast dwa terminy wprowadzenia gazety: albo wiosenny (debiut dziennika w lutym b\u0105d\u017a marcu), albo termin jesienny (wrzesie\u0144 &#8211; pa\u017adziernik).<\/p>\n<p>&#8211; Z wy\u015bcigu o rynek nie rezygnuje Micha\u0142 So\u0142owow. &#8222;GP&#8221; dowiedzia\u0142a si\u0119, \u017ce jest on coraz bli\u017cszy znalezienia inwestora bran\u017cowego dla swojego og\u00f3lnopolskiego dziennika budowanego na bazie &#8222;\u017bycia Warszawy&#8221;. Inwestor ma uwiarygodni\u0107 jego projekt. Micha\u0142 So\u0142owow deklarowa\u0142, \u017ce w ci\u0105gu pi\u0119ciu lat przeznaczy na dziennik 120 mln z\u0142. Z naszych informacji wynika, \u017ce wydawca liczy na sprzeda\u017c na poziomie 250 tys. egzemplarzy. &#8211; donosi &#8222;Gazeta Prawna&#8221;<\/p>\n<p>&#8211; Na razie, jak przyznaje redaktor naczelny Pawe\u0142 Lisicki, nad projektem pracuje zesp\u00f3\u0142 oko\u0142o 30 os\u00f3b. Przygotowywane s\u0105 tak\u017ce, cho\u0107 niecodziennie, ca\u0142e &#8222;zerowe&#8221; numery dziennika. &#8211; czytamy w &#8222;Gazecie Prawnej&#8221;<\/p>\n<p>&#8211; Osoby zwi\u0105zane z dziennikiem Micha\u0142a So\u0142owowa m\u00f3wi\u0105, \u017ce dla ich projektu by\u0142oby lepiej, aby dziennik Axel Springer Polska ukaza\u0142 si\u0119 po ich premierze, na przyk\u0142ad jesieni\u0105 przysz\u0142ego roku. B\u0119dzie w\u00f3wczas czas na promocj\u0119 i zdobycie czytelnik\u00f3w dla w\u0142asnego tytu\u0142u. <\/p>\n<p>&#8211; Docelowo zatrudnionych w redakcji b\u0119dzie ponad 100 os\u00f3b. Oferty pracy w nowej gazecie dostan\u0105 wszyscy obecni dziennikarze &#8222;\u017bycia Warszawy&#8221;. Na razie nie wiadomo natomiast, co stanie si\u0119 z tym dziennikiem po wej\u015bciu tytu\u0142u og\u00f3lnopolskiego. Rozwa\u017cane s\u0105 r\u00f3\u017cne koncepcje, w tym w\u0142\u0105czenie go, jako wk\u0142adki, do g\u0142\u00f3wnego dziennika. &#8211; informuje &#8222;Gazeta Prawna&#8221;<\/p>\n","protected":false},"excerpt":{"rendered":"Cho\u0107 w Axel Springer Polska niewielka grupa os\u00f3b pracuje ju\u017c nad polsk\u0105 wersj\u0105 dziennika opiniotw\u00f3rczego &#8222;Die Welt Kompakt&#8221;, wed\u0142ug informacji &#8222;Gazety Prawnej&#8221; ostateczna decyzja, czy projekt ujrzy \u015bwiat\u0142o dzienne, jeszcze nie zapad\u0142a.","protected":false},"author":1,"featured_media":0,"comment_status":"open","ping_status":"closed","sticky":false,"template":"","format":"standard","meta":{"csco_display_header_overlay":false,"csco_singular_sidebar":"","csco_page_header_type":"","csco_page_load_nextpost":"","csco_post_video_location":[],"csco_post_video_location_hash":"","csco_post_video_url":"","csco_post_video_bg_start_time":0,"csco_post_video_bg_end_time":0,"footnotes":""},"categories":[9673],"tags":[],"class_list":{"0":"post-84803","1":"post","2":"type-post","3":"status-publish","4":"format-standard","6":"category-prasa","7":"cs-entry","8":"cs-video-wrap"},"_links":{"self":[{"href":"https:\/\/mediarun.com\/pl\/wp-json\/wp\/v2\/posts\/84803","targetHints":{"allow":["GET"]}}],"collection":[{"href":"https:\/\/mediarun.com\/pl\/wp-json\/wp\/v2\/posts"}],"about":[{"href":"https:\/\/mediarun.com\/pl\/wp-json\/wp\/v2\/types\/post"}],"author":[{"embeddable":true,"href":"https:\/\/mediarun.com\/pl\/wp-json\/wp\/v2\/users\/1"}],"replies":[{"embeddable":true,"href":"https:\/\/mediarun.com\/pl\/wp-json\/wp\/v2\/comments?post=84803"}],"version-history":[{"count":0,"href":"https:\/\/mediarun.com\/pl\/wp-json\/wp\/v2\/posts\/84803\/revisions"}],"wp:attachment":[{"href":"https:\/\/mediarun.com\/pl\/wp-json\/wp\/v2\/media?parent=84803"}],"wp:term":[{"taxonomy":"category","embeddable":true,"href":"https:\/\/mediarun.com\/pl\/wp-json\/wp\/v2\/categories?post=84803"},{"taxonomy":"post_tag","embeddable":true,"href":"https:\/\/mediarun.com\/pl\/wp-json\/wp\/v2\/tags?post=84803"}],"curies":[{"name":"wp","href":"https:\/\/api.w.org\/{rel}","templated":true}]}}