{"id":84801,"date":"2005-11-24T14:09:13","date_gmt":"2005-11-24T13:09:13","guid":{"rendered":"https:\/\/mediarun.com\/index.php\/news-posts\/radio-jozef-zmienia-format-muzyczny\/"},"modified":"2005-11-24T14:09:13","modified_gmt":"2005-11-24T13:09:13","slug":"radio-jozef-zmienia-format-muzyczny","status":"publish","type":"post","link":"https:\/\/mediarun.com\/pl\/media\/radio\/radio-jozef-zmienia-format-muzyczny.html","title":{"rendered":"Radio J\u00f3zef zmienia format muzyczny"},"content":{"rendered":"<p>Przygotowania do zmiany formatu trwa\u0142y od kilkunastu miesi\u0119cy &#8211; Radio J\u00f3zef gromadzi\u0142o baz\u0119 muzyczn\u0105. Przygotowywano tak\u017ce nowe jingle &#8211; w tym pom\u00f3g\u0142 Adam Szewczyk, kompozytor i autor tekst\u00f3w.<\/p>\n<p>Za ca\u0142o\u015b\u0107 przedsi\u0119wzi\u0119cia odpowiedzialna jest Patrycja Micho\u0144ska, kt\u00f3ra przekonuje, \u017ce od kilku lat rynek muzyki chrze\u015bcija\u0144skiej w Polsce dynamicznie si\u0119 rozwija. &#8211; My chcemy t\u0119 muzyk\u0119 promowa\u0107. A warto, bo to dobre przes\u0142anie i profesjonalni tw\u00f3rcy. Chcemy zburzy\u0107 mit, \u017ce muzyka chrze\u015bcija\u0144ska jest gorsza od muzyki czysto komercyjnej, czy niezwi\u0105zanej z Ko\u015bcio\u0142em &#8211; t\u0142umaczy Micho\u0144ska.<\/p>\n<p>&#8222;Zawsze Chrze\u015bcija\u0144skie Granie&#8221; &#8211; to nowe has\u0142o Radia J\u00f3zef, kt\u00f3re b\u0119dzie emitowa\u0107 utwory zwi\u0105zane z nurtem Tw\u00f3rc\u00f3w Chrze\u015bcijan. Na antenie Radia J\u00f3zef pojawi si\u0119 muzyka polska i zagraniczna. Rozg\u0142o\u015bnia zapewnia, \u017ce jest w czym wybiera\u0107, bo muzycy chrze\u015bcija\u0144scy tworz\u0105 ju\u017c we wszystkich nurtach &#8211; pop, rock, jazz, rap, hip-hop, soul, gospel, czy muzyka instrumentalna.<\/p>\n<p>Radio J\u00f3zef nawi\u0105zuje tak\u017ce \u015bcis\u0142\u0105 wsp\u00f3\u0142prac\u0119 z innymi mediami: podobnymi rozg\u0142o\u015bniami w Polsce i portalami internetowymi. Swoje sta\u0142e miejsce w ram\u00f3wce b\u0119dzie mia\u0142 r\u00f3wnie\u017c jedyny magazyn po\u015bwi\u0119cony muzyce chrze\u015bcijan &#8211; &#8222;Ruah&#8221;.<\/p>\n","protected":false},"excerpt":{"rendered":"Od niedzieli warszawskie Radio J\u00f3zef zmienia ca\u0142kowicie format muzyczny. Na antenie b\u0119dzie obecna tylko muzyka chrze\u015bcija\u0144ska. &#8211; Ta zmiana to dope\u0142nienie ca\u0142ego programu. Dzi\u0119ki temu nasze radio b\u0119dzie \u015bci\u015ble uto\u017csamiane z chrze\u015bcija\u0144stwem. Od audycji po muzyk\u0119 &#8211; m\u00f3wi dyrektor Radia J\u00f3zef, ks. dr Marcin Brzezi\u0144ski.","protected":false},"author":1,"featured_media":0,"comment_status":"open","ping_status":"closed","sticky":false,"template":"","format":"standard","meta":{"csco_display_header_overlay":false,"csco_singular_sidebar":"","csco_page_header_type":"","csco_page_load_nextpost":"","csco_post_video_location":[],"csco_post_video_location_hash":"","csco_post_video_url":"","csco_post_video_bg_start_time":0,"csco_post_video_bg_end_time":0,"footnotes":""},"categories":[9672],"tags":[],"class_list":{"0":"post-84801","1":"post","2":"type-post","3":"status-publish","4":"format-standard","6":"category-radio","7":"cs-entry","8":"cs-video-wrap"},"_links":{"self":[{"href":"https:\/\/mediarun.com\/pl\/wp-json\/wp\/v2\/posts\/84801","targetHints":{"allow":["GET"]}}],"collection":[{"href":"https:\/\/mediarun.com\/pl\/wp-json\/wp\/v2\/posts"}],"about":[{"href":"https:\/\/mediarun.com\/pl\/wp-json\/wp\/v2\/types\/post"}],"author":[{"embeddable":true,"href":"https:\/\/mediarun.com\/pl\/wp-json\/wp\/v2\/users\/1"}],"replies":[{"embeddable":true,"href":"https:\/\/mediarun.com\/pl\/wp-json\/wp\/v2\/comments?post=84801"}],"version-history":[{"count":0,"href":"https:\/\/mediarun.com\/pl\/wp-json\/wp\/v2\/posts\/84801\/revisions"}],"wp:attachment":[{"href":"https:\/\/mediarun.com\/pl\/wp-json\/wp\/v2\/media?parent=84801"}],"wp:term":[{"taxonomy":"category","embeddable":true,"href":"https:\/\/mediarun.com\/pl\/wp-json\/wp\/v2\/categories?post=84801"},{"taxonomy":"post_tag","embeddable":true,"href":"https:\/\/mediarun.com\/pl\/wp-json\/wp\/v2\/tags?post=84801"}],"curies":[{"name":"wp","href":"https:\/\/api.w.org\/{rel}","templated":true}]}}