{"id":84799,"date":"2005-11-24T14:18:33","date_gmt":"2005-11-24T13:18:33","guid":{"rendered":"https:\/\/mediarun.com\/index.php\/news-posts\/puchar-swiata-w-skokach-narciarskich-w-tvp\/"},"modified":"2005-11-24T14:18:33","modified_gmt":"2005-11-24T13:18:33","slug":"puchar-swiata-w-skokach-narciarskich-w-tvp","status":"publish","type":"post","link":"https:\/\/mediarun.com\/pl\/media\/tv\/puchar-swiata-w-skokach-narciarskich-w-tvp.html","title":{"rendered":"Puchar \u015awiata w Skokach Narciarskich w TVP"},"content":{"rendered":"<p>Studio w Warszawie poprowadzi Paulina Chylewska, kt\u00f3ra b\u0119dzie go\u015bci\u0142a Apoloniusza Tajnera &#8211; eksperta TVP, b. trenera kadry skoczk\u00f3w, obecnie kuratora Polskiego Zwi\u0105zku Narciarskiego, Andrzeja Niemczyka &#8211; trenera reprezentacji siatkarek (25 listopada) i Tomasza Adamka &#8211; mistrza \u015bwiata w boksie (26 listopada). <\/p>\n<p>W tegorocznym sezonie Pucharu \u015awiata komentatorami TVP b\u0119d\u0105 &#8211; opr\u00f3cz wspomnianego W\u0142odzimierza Szaranowicza &#8211; Krzysztof Miklas (autor kultowego ju\u017c powiedzenia, zamieszczonego w tytule) i Stanis\u0142aw Snopek. <\/p>\n<p>Kadra polskich skoczk\u00f3w: Adam Ma\u0142ysz, Robert Mateja, Krystian D\u0142ugopolski, Kamil Stoch i Marcin Bachleda.<\/p>\n","protected":false},"excerpt":{"rendered":"25 listopada TVP1 rozpocznie relacj\u0119 z pierwszych zawod\u00f3w Pucharu \u015awiata w skokach narciarskich sezonu 2005\/2006 w Kuusamo (Finlandia). Pocz\u0105tek transmisji o 17.05. Pocz\u0105tek relacji z drugiego konkursu 26 listopada o 16.05. Komentatorem b\u0119dzie W\u0142odzimierz Szaranowicz a reporterem Maciej Kurzajewski.","protected":false},"author":1,"featured_media":84800,"comment_status":"open","ping_status":"closed","sticky":false,"template":"","format":"standard","meta":{"csco_display_header_overlay":false,"csco_singular_sidebar":"","csco_page_header_type":"","csco_page_load_nextpost":"","csco_post_video_location":[],"csco_post_video_location_hash":"","csco_post_video_url":"","csco_post_video_bg_start_time":0,"csco_post_video_bg_end_time":0,"footnotes":""},"categories":[9670],"tags":[],"class_list":{"0":"post-84799","1":"post","2":"type-post","3":"status-publish","4":"format-standard","5":"has-post-thumbnail","7":"category-tv","8":"cs-entry","9":"cs-video-wrap"},"_links":{"self":[{"href":"https:\/\/mediarun.com\/pl\/wp-json\/wp\/v2\/posts\/84799","targetHints":{"allow":["GET"]}}],"collection":[{"href":"https:\/\/mediarun.com\/pl\/wp-json\/wp\/v2\/posts"}],"about":[{"href":"https:\/\/mediarun.com\/pl\/wp-json\/wp\/v2\/types\/post"}],"author":[{"embeddable":true,"href":"https:\/\/mediarun.com\/pl\/wp-json\/wp\/v2\/users\/1"}],"replies":[{"embeddable":true,"href":"https:\/\/mediarun.com\/pl\/wp-json\/wp\/v2\/comments?post=84799"}],"version-history":[{"count":0,"href":"https:\/\/mediarun.com\/pl\/wp-json\/wp\/v2\/posts\/84799\/revisions"}],"wp:featuredmedia":[{"embeddable":true,"href":"https:\/\/mediarun.com\/pl\/wp-json\/wp\/v2\/media\/84800"}],"wp:attachment":[{"href":"https:\/\/mediarun.com\/pl\/wp-json\/wp\/v2\/media?parent=84799"}],"wp:term":[{"taxonomy":"category","embeddable":true,"href":"https:\/\/mediarun.com\/pl\/wp-json\/wp\/v2\/categories?post=84799"},{"taxonomy":"post_tag","embeddable":true,"href":"https:\/\/mediarun.com\/pl\/wp-json\/wp\/v2\/tags?post=84799"}],"curies":[{"name":"wp","href":"https:\/\/api.w.org\/{rel}","templated":true}]}}