{"id":84798,"date":"2005-11-24T14:22:58","date_gmt":"2005-11-24T13:22:58","guid":{"rendered":"https:\/\/mediarun.com\/index.php\/news-posts\/pielgrzymka-za-euro-nagrodzona-na-xv-festiwalu-mediow\/"},"modified":"2005-11-24T14:22:58","modified_gmt":"2005-11-24T13:22:58","slug":"pielgrzymka-za-euro-nagrodzona-na-xv-festiwalu-mediow","status":"publish","type":"post","link":"https:\/\/mediarun.com\/pl\/media\/tv\/pielgrzymka-za-euro-nagrodzona-na-xv-festiwalu-mediow.html","title":{"rendered":"Pielgrzymka za Euro nagrodzona na XV Festiwalu Medi\u00f3w"},"content":{"rendered":"<p>Nagrodzony film &#8222;Pielgrzyma za Euro&#8221; powsta\u0142 na kanwie serialu dokumentalnego &#8222;Bitwa o Angli\u0119&#8221;, kt\u00f3rego producentem by\u0142 Rados\u0142aw Dunaszewski. Serial by\u0142 emitowany w TVN w drugiej po\u0142owie 2004 roku. Film opowiada histori\u0119 trzech by\u0142ych polskich g\u00f3rnik\u00f3w, kt\u00f3rzy zmuszeni sytuacj\u0105 materialn\u0105 wyruszaj\u0105 do Irlandii w poszukiwaniu pracy i lepszego jutra. <\/p>\n<p>Tomasz Blachnicki jest Absolwentem Organizacji Produkcji Filmowej i Telewizyjnej Wydzia\u0142u Radia i Telewizji Uniwersytetu \u015al\u0105skiego w Katowicach im. Krzysztofa Kie\u015blowskiego. Z Telewizj\u0105 TVN wsp\u00f3\u0142pracuje od 2000 roku. Wsp\u00f3\u0142tworzy\u0142 seriale: &#8222;Jarmark Europa&#8221;, &#8222;Bitwa o Angli\u0119&#8221; i jest autorem wielu reporta\u017cy w programach &#8222;Superwizjer&#8221; i &#8222;Uwaga&#8221;. Wyre\u017cyserowa\u0142 r\u00f3wnie\u017c filmy dokumentalne: &#8222;Rodzice musz\u0105 si\u0119 bi\u0107&#8221;, &#8222;Ochrona?&#8221;, &#8222;Bez regu\u0142&#8221;, &#8222;Pielgrzymka za Euro&#8221;. <\/p>\n<p>Nagroda zosta\u0142 przyznana podczas XV Festiwalu Medi\u00f3w W \u0141odzi, kt\u00f3ry odby\u0142 si\u0119 w dniach 16-19 listopada 2005r.<\/p>\n<p><a href=\"\" target=\"_blank\"><\/a><\/p>\n","protected":false},"excerpt":{"rendered":"Film dokumentalny &#8222;Pielgrzymka za Euro&#8221; otrzyma\u0142 nagrod\u0119 Studia OPUS Film na XV Festiwalu Medi\u00f3w w \u0141odzi. Jury doceni\u0142o autora obrazu &#8211; Tomasza Blachnickiego wsp\u00f3\u0142pracuj\u0105cego z TVN od 2000 r. Nagroda zosta\u0142a przyznana za &#8222;nietuzinkowe ukazanie losu Polak\u00f3w na obczy\u017anie, dystans do rzeczywisto\u015bci, poczucie humoru&#8221;.","protected":false},"author":1,"featured_media":0,"comment_status":"open","ping_status":"closed","sticky":false,"template":"","format":"standard","meta":{"csco_display_header_overlay":false,"csco_singular_sidebar":"","csco_page_header_type":"","csco_page_load_nextpost":"","csco_post_video_location":[],"csco_post_video_location_hash":"","csco_post_video_url":"","csco_post_video_bg_start_time":0,"csco_post_video_bg_end_time":0,"footnotes":""},"categories":[9670],"tags":[],"class_list":{"0":"post-84798","1":"post","2":"type-post","3":"status-publish","4":"format-standard","6":"category-tv","7":"cs-entry","8":"cs-video-wrap"},"_links":{"self":[{"href":"https:\/\/mediarun.com\/pl\/wp-json\/wp\/v2\/posts\/84798","targetHints":{"allow":["GET"]}}],"collection":[{"href":"https:\/\/mediarun.com\/pl\/wp-json\/wp\/v2\/posts"}],"about":[{"href":"https:\/\/mediarun.com\/pl\/wp-json\/wp\/v2\/types\/post"}],"author":[{"embeddable":true,"href":"https:\/\/mediarun.com\/pl\/wp-json\/wp\/v2\/users\/1"}],"replies":[{"embeddable":true,"href":"https:\/\/mediarun.com\/pl\/wp-json\/wp\/v2\/comments?post=84798"}],"version-history":[{"count":0,"href":"https:\/\/mediarun.com\/pl\/wp-json\/wp\/v2\/posts\/84798\/revisions"}],"wp:attachment":[{"href":"https:\/\/mediarun.com\/pl\/wp-json\/wp\/v2\/media?parent=84798"}],"wp:term":[{"taxonomy":"category","embeddable":true,"href":"https:\/\/mediarun.com\/pl\/wp-json\/wp\/v2\/categories?post=84798"},{"taxonomy":"post_tag","embeddable":true,"href":"https:\/\/mediarun.com\/pl\/wp-json\/wp\/v2\/tags?post=84798"}],"curies":[{"name":"wp","href":"https:\/\/api.w.org\/{rel}","templated":true}]}}