{"id":84797,"date":"2005-11-24T14:36:40","date_gmt":"2005-11-24T13:36:40","guid":{"rendered":"https:\/\/mediarun.com\/index.php\/news-posts\/nocna-wizyta-ojca-rydzyka-w-sejmie\/"},"modified":"2005-11-24T14:36:40","modified_gmt":"2005-11-24T13:36:40","slug":"nocna-wizyta-ojca-rydzyka-w-sejmie","status":"publish","type":"post","link":"https:\/\/mediarun.com\/pl\/media\/prasa\/nocna-wizyta-ojca-rydzyka-w-sejmie.html","title":{"rendered":"Nocna wizyta Ojca Rydzyka w Sejmie"},"content":{"rendered":"<p>&#8222;Min\u0119\u0142a p\u00f3\u0142noc. W drzwiach hotelu sejmowego ukazuje si\u0119 znajoma sylwetka ojca dyrektora. Spostrzega fotoreportera i szybko cofa si\u0119 do \u015brodka. Po chwili pod wej\u015bcie podje\u017cd\u017ca srebrny samoch\u00f3d. O. Rydzyk, kt\u00f3remu towarzysz\u0105 m.in. szef LPR Marek Kotlinowski i redaktor naczelna Naszego Dziennika Ewa So\u0142owiej, b\u0142yskawicznie znika we wn\u0119trzu auta.<br \/>\n&#8211; Nic nie wiem o tym spotkaniu, prosz\u0119 pyta\u0107 Marka Kotlinowskiego albo ojca Rydzyka, skoro ich widzieli\u015bcie &#8211; zbywa\u0142 nas wczoraj Roman Giertych.&#8221; &#8211; informuje Super Express.<\/p>\n<p>&#8222;Ale z naszych ustale\u0144 wynika, \u017ce i on bra\u0142 udzia\u0142 w nocnym spotkaniu. Marek Kotlinowskl wyra\u017anie niezadowolony, \u017ce ca\u0142a sprawa wysz\u0142a na jaw, r\u00f3wnie\u017c niech\u0119tnie rozmawia na ten temat.&#8221;<\/p>\n<p>&#8222;Na temat nocnego spotkania wody w usta nabrali te\u017c inni jego uczestnicy: Dziennikarz TV Trwam Klaudiusz Pobudzin: Nie mam nic do powiedzenia w tej sprawie.<br \/>\nNasze pr\u00f3by dotarcia do o. Rydzyka zako\u0144czy\u0142y si\u0119 w jego sekretariacie. Co zatem dyrektor ostentacyjnie dopieszczaj\u0105cy ostatnio rz\u0105d Kazhnlerza Marcinkiewicza omawia po nocy z politykami LPR?&#8221;- pisze Super Express.<\/p>\n<p>&#8222;- Ksi\u0105dz nie pisze sejmowych ustaw &#8211; Nie s\u0142ysza\u0142em, i to troch\u0119 niesmaczne. Niby c\u00f3\u017c mo\u017ce robi\u0107 osoba duchowna w Sejmie, kt\u00f3ra nie uczestniczy w oficjalnym spotkaniu? &#8211; m\u00f3wi bp Tadeusz Pieronek. Wizyta ojca Rydzyka wygl\u0105da dziwacznie. Sejmowy hotel to nie miejsce i nie czas, by odwiedza\u0107 polityk\u00f3w i dyskutowa\u0107 o jakichkolwiek problemach. Nie chc\u0119 tego ocenia\u0107 i pot\u0119pia\u0107, bo trudno domy\u015bla\u0107 si\u0119 intencji, kt\u00f3re mia\u0142 Ojciec dyrektor. Zreszt\u0105 tu nawet szkoda s\u0142\u00f3w komentarza, bo jak kto\u015b tworzy aur\u0119 tajemniczno\u015bci pojawiaj\u0105c si\u0119 w Sejmie pod os\u0142on\u0105 mroku, to nie wygl\u0105da powa\u017cnie &#8211; dodaje na koniec.&#8221; &#8211; informuje Super Express.<\/p>\n","protected":false},"excerpt":{"rendered":"&#8222;Sylwetk\u0119 ojca Rydzyka dostrzegli\u015bmy wczoraj po p\u00f3\u0142nocy, kiedy wychodzi\u0142 z sejmowego hotelu w towarzystwie pos\u0142\u00f3w Ligi Polskich Rodzin. Czy\u017cby kolejna zmiana kontu kontrowersyjnego redemptorysty, dotychczas komplementuj\u0105cego PiS? Tajne spotkanie w hotelu sejmowym opisuje Super Express.","protected":false},"author":1,"featured_media":0,"comment_status":"open","ping_status":"closed","sticky":false,"template":"","format":"standard","meta":{"csco_display_header_overlay":false,"csco_singular_sidebar":"","csco_page_header_type":"","csco_page_load_nextpost":"","csco_post_video_location":[],"csco_post_video_location_hash":"","csco_post_video_url":"","csco_post_video_bg_start_time":0,"csco_post_video_bg_end_time":0,"footnotes":""},"categories":[9673],"tags":[],"class_list":{"0":"post-84797","1":"post","2":"type-post","3":"status-publish","4":"format-standard","6":"category-prasa","7":"cs-entry","8":"cs-video-wrap"},"_links":{"self":[{"href":"https:\/\/mediarun.com\/pl\/wp-json\/wp\/v2\/posts\/84797","targetHints":{"allow":["GET"]}}],"collection":[{"href":"https:\/\/mediarun.com\/pl\/wp-json\/wp\/v2\/posts"}],"about":[{"href":"https:\/\/mediarun.com\/pl\/wp-json\/wp\/v2\/types\/post"}],"author":[{"embeddable":true,"href":"https:\/\/mediarun.com\/pl\/wp-json\/wp\/v2\/users\/1"}],"replies":[{"embeddable":true,"href":"https:\/\/mediarun.com\/pl\/wp-json\/wp\/v2\/comments?post=84797"}],"version-history":[{"count":0,"href":"https:\/\/mediarun.com\/pl\/wp-json\/wp\/v2\/posts\/84797\/revisions"}],"wp:attachment":[{"href":"https:\/\/mediarun.com\/pl\/wp-json\/wp\/v2\/media?parent=84797"}],"wp:term":[{"taxonomy":"category","embeddable":true,"href":"https:\/\/mediarun.com\/pl\/wp-json\/wp\/v2\/categories?post=84797"},{"taxonomy":"post_tag","embeddable":true,"href":"https:\/\/mediarun.com\/pl\/wp-json\/wp\/v2\/tags?post=84797"}],"curies":[{"name":"wp","href":"https:\/\/api.w.org\/{rel}","templated":true}]}}