{"id":84795,"date":"2005-11-24T15:47:56","date_gmt":"2005-11-24T14:47:56","guid":{"rendered":"https:\/\/mediarun.com\/index.php\/news-posts\/wyborcza-najbardziej-opiniotworcza\/"},"modified":"2005-11-24T15:47:56","modified_gmt":"2005-11-24T14:47:56","slug":"wyborcza-najbardziej-opiniotworcza","status":"publish","type":"post","link":"https:\/\/mediarun.com\/pl\/media\/prasa\/wyborcza-najbardziej-opiniotworcza.html","title":{"rendered":"&#8222;Wyborcza&#8221; najbardziej opiniotw\u00f3rcza"},"content":{"rendered":"<p>Analiza powsta\u0142a w oparciu o 4570 pa\u017adziernikowych przekaz\u00f3w z prasy, radia i telewizji, w kt\u00f3rych odnotowano 5692 odniesienia do innych medi\u00f3w. Najwi\u0119cej z nich dotyczy\u0142o &#8222;Gazety Wyborczej&#8221;, na kt\u00f3r\u0105 powo\u0142ywano si\u0119 1089 razy. Drugie miejsce zaj\u0119\u0142a &#8222;Rzeczpospolita&#8221;, kt\u00f3r\u0105 cytowano 925 razy. &#8222;\u017bycie Warszawy&#8221; i &#8222;Fakt&#8221; utrzyma\u0142y trzeci\u0105 i czwart\u0105 pozycj\u0119. W \u015bcis\u0142ej czo\u0142\u00f3wce znalaz\u0142 si\u0119 r\u00f3wnie\u017c tygodnik &#8222;Wprost&#8221;. W\u015br\u00f3d rozg\u0142o\u015bni radiowych najwy\u017cej w rankingu uplasowa\u0142o si\u0119 Radio Zet, a w\u015br\u00f3d stacji telewizyjnych &#8211; TVN. Onet.pl utrzyma\u0142 pozycj\u0119 lidera w\u015br\u00f3d najch\u0119tniej cytowanych portali internetowych. Jednak materia\u0142y internetowe by\u0142y rzadziej ni\u017c w zesz\u0142ym miesi\u0105cu przywo\u0142ywane przez dziennikarzy. Dowodem jest brak medi\u00f3w internetowych w pierwszej pi\u0119tnastce najch\u0119tniej cytowanych medi\u00f3w.<\/p>\n<p>W rankingu medi\u00f3w najcz\u0119\u015bciej cytowanych poza przegl\u0105dami prasy r\u00f3wnie\u017c zwyci\u0119\u017cy\u0142a &#8222;Gazeta Wyborcza&#8221;.<\/p>\n<p>84 proc. powo\u0142a\u0144 dotyczy\u0142o medi\u00f3w og\u00f3lnopolskich, a pozosta\u0142e 16 proc. &#8211; lokalnych. Najwi\u0119cej cytat\u00f3w z medi\u00f3w lokalnych pochodzi\u0142o z wojew\u00f3dztwa mazowieckiego, gdzie liderem ponownie zosta\u0142o &#8222;\u017bycie Warszawy&#8221;.<\/p>\n<p>Mediami, kt\u00f3re z najwi\u0119ksz\u0105 cz\u0119stotliwo\u015bci\u0105 korzysta\u0142y z doniesie\u0144 innych \u015brodk\u00f3w masowego przekazu s\u0105 TVN 24 i TVP3.<\/p>\n<p>&#8222;Wprost&#8221; okaza\u0142 si\u0119 w pa\u017adzierniku najcz\u0119\u015bciej cytowanym tygodnikiem og\u00f3lnopolskim &#8211; tym razem z bardzo wysok\u0105 liczb\u0105 cytowa\u0144 (266). Kolejne miejsca w\u015br\u00f3d tygodnik\u00f3w zaj\u0119\u0142y &#8222;Newsweek Polska&#8221; oraz &#8222;Polityka&#8221;. Pierwsze miejsce w\u015br\u00f3d tabloid\u00f3w nadal przypada &#8222;Faktowi&#8221;, drugie za\u015b zajmuje &#8222;Super Express&#8221;. <\/p>\n<p>W ka\u017cdym miesi\u0105cu Instytut Monitorowania Medi\u00f3w analizuje wszystkie przekazy prasowe, telewizyjne i radiowe, w kt\u00f3rych ich autorzy powo\u0142uj\u0105 si\u0119 na doniesienia innych medi\u00f3w. Badaniu poddawanych jest ok. 500 tytu\u0142\u00f3w prasowych, 7 stacji telewizyjnych oraz wybrane programy 6 rozg\u0142o\u015bni radiowych. <\/p>\n","protected":false},"excerpt":{"rendered":"Po trzech miesi\u0105cach odrabiania strat &#8222;Gazeta Wyborcza&#8221; zn\u00f3w jest liderem. W pa\u017adziernikowym rankingu najbardziej opiniotw\u00f3rczych medi\u00f3w przygotowanym przez Instytut Monitorowania Medi\u00f3w &#8222;Wyborcza&#8221; wyprzedzi\u0142a &#8222;Rzeczpospolit\u0105&#8221; o 164 publikacje.","protected":false},"author":1,"featured_media":84796,"comment_status":"open","ping_status":"closed","sticky":false,"template":"","format":"standard","meta":{"csco_display_header_overlay":false,"csco_singular_sidebar":"","csco_page_header_type":"","csco_page_load_nextpost":"","csco_post_video_location":[],"csco_post_video_location_hash":"","csco_post_video_url":"","csco_post_video_bg_start_time":0,"csco_post_video_bg_end_time":0,"footnotes":""},"categories":[9673],"tags":[],"class_list":{"0":"post-84795","1":"post","2":"type-post","3":"status-publish","4":"format-standard","5":"has-post-thumbnail","7":"category-prasa","8":"cs-entry","9":"cs-video-wrap"},"_links":{"self":[{"href":"https:\/\/mediarun.com\/pl\/wp-json\/wp\/v2\/posts\/84795","targetHints":{"allow":["GET"]}}],"collection":[{"href":"https:\/\/mediarun.com\/pl\/wp-json\/wp\/v2\/posts"}],"about":[{"href":"https:\/\/mediarun.com\/pl\/wp-json\/wp\/v2\/types\/post"}],"author":[{"embeddable":true,"href":"https:\/\/mediarun.com\/pl\/wp-json\/wp\/v2\/users\/1"}],"replies":[{"embeddable":true,"href":"https:\/\/mediarun.com\/pl\/wp-json\/wp\/v2\/comments?post=84795"}],"version-history":[{"count":0,"href":"https:\/\/mediarun.com\/pl\/wp-json\/wp\/v2\/posts\/84795\/revisions"}],"wp:featuredmedia":[{"embeddable":true,"href":"https:\/\/mediarun.com\/pl\/wp-json\/wp\/v2\/media\/84796"}],"wp:attachment":[{"href":"https:\/\/mediarun.com\/pl\/wp-json\/wp\/v2\/media?parent=84795"}],"wp:term":[{"taxonomy":"category","embeddable":true,"href":"https:\/\/mediarun.com\/pl\/wp-json\/wp\/v2\/categories?post=84795"},{"taxonomy":"post_tag","embeddable":true,"href":"https:\/\/mediarun.com\/pl\/wp-json\/wp\/v2\/tags?post=84795"}],"curies":[{"name":"wp","href":"https:\/\/api.w.org\/{rel}","templated":true}]}}