{"id":84784,"date":"2005-11-24T19:48:05","date_gmt":"2005-11-24T18:48:05","guid":{"rendered":"https:\/\/mediarun.com\/index.php\/news-posts\/akademia-parzenia-kawy-daily-cafe\/"},"modified":"2005-11-24T19:48:05","modified_gmt":"2005-11-24T18:48:05","slug":"akademia-parzenia-kawy-daily-cafe","status":"publish","type":"post","link":"https:\/\/mediarun.com\/pl\/trendy\/branding\/akademia-parzenia-kawy-daily-cafe.html","title":{"rendered":"Akademia Parzenia Kawy DAILY CAFE"},"content":{"rendered":"<p>Pierwsze spotkanie w ramach Akademii Parzenia Kawy odb\u0119dzie si\u0119 26 listopada br. <\/p>\n<p>Wszyscy ch\u0119tni mogli zapisa\u0107 si\u0119 na bezp\u0142atne szkolenie, kt\u00f3re poprowadz\u0105 najlepsi z najlepszych w temacie kawy w Polsce i na \u015awiecie.<\/p>\n<p>BARISTA to bardzo ciekawy zaw\u00f3d, stwarzaj\u0105cy wiele mo\u017cliwo\u015bci poznawania nowych ludzi i zwiedzania \u015bwiata, kszta\u0142cenia swoich umiej\u0119tno\u015bci. Z regu\u0142y wiedza o tajnikach pracy BARISTY jest trudno dost\u0119pna, zatem DAILY CAFE  realizuj\u0105c swoj\u0105 misj\u0119 zdecydowa\u0142o si\u0119 stworzy\u0107 mo\u017cliwo\u015bci m\u0142odym ludziom poznania tej wyj\u0105tkowej sztuki &#8211; m\u00f3wi Pawe\u0142 Manista Account Manager w Daily Cafe.<\/p>\n<p>Naszym zamiarem jest popularyzacja ciekawego zawodu,  sposobu na \u017cycie, pewnego rodzaju subkultury &#8211; dodaje.<\/p>\n<p>W Polsce przynajmniej raz w roku odbywaj\u0105 si\u0119 mistrzostwa BARIST\u00d3W. Laureat polskiej edycji jedzie na og\u00f3lno\u015bwiatowe zawody, w tym roku odbywa\u0142y si\u0119 w Seatle.<\/p>\n<p>Kawa nazywana napojem filozof\u00f3w, od wielu lat fascynuje nie tylko tych co lubi\u0105 \u0142yk dobrej ma\u0142ej czarnej, ale tak\u017ce tych kt\u00f3rzy szkol\u0105 si\u0119 w dziedzinie przyrz\u0105dzania kawy.<\/p>\n<p>Coffee business to w skali globalnej po ropie naftowej, drugi biznes na \u015bwiecie.<\/p>\n<p>Kawa jest drugim po wodzie, najbardziej popularnym napojem na \u015bwiecie.<\/p>\n<p>Na \u015bwiecie ok. 30 milion\u00f3w os\u00f3b jest zatrudnionych przy kawie i \u017cyje z niej.<\/p>\n<p>Idea krzewienia wiedzy o kawie i promowania nowego zawodu dla m\u0142odych ludzi zyska\u0142a uznanie partner\u00f3w tegorocznej edycji akademii Parzenia Kawy &#8211; firm PRIMULATOR, ZIBI oraz patron\u00f3w medialnych Radia Kolor, Gazety Studenckiej i Przegl\u0105du Gastronomicznego.<\/p>\n<p>Kolejne spotkania w ramach Akademii Parzenia Kawy zaplanowane zosta\u0142y od stycznia 2006r.<\/p>\n","protected":false},"excerpt":{"rendered":"Rusza cykl bezp\u0142atnych spotka\u0144 szkoleniowych dla m\u0142odych zapalonych BARIST\u00d3W pod nazw\u0105 &#8222;Akademia Parzenia Kawy&#8221;. Sie\u0107 kawiarni Daily Cafe zaprasza tych, dla kt\u00f3rych kawa jest pasja i smakiem \u017cycia.","protected":false},"author":1,"featured_media":0,"comment_status":"open","ping_status":"closed","sticky":false,"template":"","format":"standard","meta":{"csco_display_header_overlay":false,"csco_singular_sidebar":"","csco_page_header_type":"","csco_page_load_nextpost":"","csco_post_video_location":[],"csco_post_video_location_hash":"","csco_post_video_url":"","csco_post_video_bg_start_time":0,"csco_post_video_bg_end_time":0,"footnotes":""},"categories":[9658],"tags":[],"class_list":{"0":"post-84784","1":"post","2":"type-post","3":"status-publish","4":"format-standard","6":"category-branding","7":"cs-entry","8":"cs-video-wrap"},"_links":{"self":[{"href":"https:\/\/mediarun.com\/pl\/wp-json\/wp\/v2\/posts\/84784","targetHints":{"allow":["GET"]}}],"collection":[{"href":"https:\/\/mediarun.com\/pl\/wp-json\/wp\/v2\/posts"}],"about":[{"href":"https:\/\/mediarun.com\/pl\/wp-json\/wp\/v2\/types\/post"}],"author":[{"embeddable":true,"href":"https:\/\/mediarun.com\/pl\/wp-json\/wp\/v2\/users\/1"}],"replies":[{"embeddable":true,"href":"https:\/\/mediarun.com\/pl\/wp-json\/wp\/v2\/comments?post=84784"}],"version-history":[{"count":0,"href":"https:\/\/mediarun.com\/pl\/wp-json\/wp\/v2\/posts\/84784\/revisions"}],"wp:attachment":[{"href":"https:\/\/mediarun.com\/pl\/wp-json\/wp\/v2\/media?parent=84784"}],"wp:term":[{"taxonomy":"category","embeddable":true,"href":"https:\/\/mediarun.com\/pl\/wp-json\/wp\/v2\/categories?post=84784"},{"taxonomy":"post_tag","embeddable":true,"href":"https:\/\/mediarun.com\/pl\/wp-json\/wp\/v2\/tags?post=84784"}],"curies":[{"name":"wp","href":"https:\/\/api.w.org\/{rel}","templated":true}]}}