{"id":84775,"date":"2005-11-25T01:46:37","date_gmt":"2005-11-25T00:46:37","guid":{"rendered":"https:\/\/mediarun.com\/index.php\/news-posts\/nagroda-dla-redakcji-sportowej-tvn-24\/"},"modified":"2005-11-25T01:46:37","modified_gmt":"2005-11-25T00:46:37","slug":"nagroda-dla-redakcji-sportowej-tvn-24","status":"publish","type":"post","link":"https:\/\/mediarun.com\/pl\/media\/tv\/nagroda-dla-redakcji-sportowej-tvn-24.html","title":{"rendered":"Nagroda dla Redakcji Sportowej TVN 24"},"content":{"rendered":"<p>&#8221;To ogromne wyr\u00f3\u017cnienie i spora satysfakcja dla ca\u0142ej redakcji sportowej TVN24. Nasza stacja tak\u017ce nas wyr\u00f3\u017cni\u0142a. Obecnie zmienili\u015bmy nazw\u0119 wyr\u00f3\u017cnionego programu na &#8222;Magazyn sportowy&#8221;. Staramy si\u0119 wprowadza\u0107 do niego wi\u0119cej nowo\u015bci. Mamy nadziej\u0119,<br \/>\n stale ulepsza\u0107 ten program&#8221; &#8211; powiedzia\u0142 Kalinowski.<\/p>\n<p>Nagrod\u0119, statuetk\u0119 DEMES, przyznaje Sport &#038; Business Foundation. Ceremonia towarzyszy konferencji Dni Marketingu Sportowego. Trwaj\u0105ca 3 dni konferencja odbywa si\u0119 w Akademii Ekonomicznej w Poznaniu.<br \/>\nSport &#038; Business Foundation przyzna\u0142 Statuetki DEMES ju\u017c poraz drugi. Nagrody te s\u0142u\u017c\u0105 promowaniu dzia\u0142a\u0144 zwi\u0105zanych z marketingiem sportowym oraz inicjatyw promuj\u0105cych sport, kt\u00f3re charakteryzuj\u0105 si\u0119 szczeg\u00f3ln\u0105 kreatywno\u015bci\u0105, konsekwencj\u0105 i profesjonalizmem. <\/p>\n<p>W\u015br\u00f3d laureat\u00f3w znale\u017ali si\u0119 r\u00f3wnie\u017c inni przedstawiciele medi\u00f3w Grupy ITI. W kategorii Sportowy VIP 2005 statuetk\u0119 otrzyma\u0142a tak\u017ce Martyna Wojciechowska (TVN, TVN Turbo),<br \/>\na w kategorii Sportowy Projekt Medialny 2005 zosta\u0142 wyr\u00f3\u017cniony serwis sportowy w portalu Onet.pl. <\/p>\n","protected":false},"excerpt":{"rendered":"Sportowe podsumowanie dnia&#8221; TVN24 zosta\u0142o laureatem presti\u017cowej nagrody DEMES  w kategorii &#8222;Sportowy Projekt Medialny 2005&#8221;. W imieniu redakcji sportowej TVN24, statuetk\u0119 z r\u0105k organizator\u00f3w odebra\u0142 Grzegorz Kalinowski.","protected":false},"author":1,"featured_media":84776,"comment_status":"open","ping_status":"closed","sticky":false,"template":"","format":"standard","meta":{"csco_display_header_overlay":false,"csco_singular_sidebar":"","csco_page_header_type":"","csco_page_load_nextpost":"","csco_post_video_location":[],"csco_post_video_location_hash":"","csco_post_video_url":"","csco_post_video_bg_start_time":0,"csco_post_video_bg_end_time":0,"footnotes":""},"categories":[9670],"tags":[],"class_list":{"0":"post-84775","1":"post","2":"type-post","3":"status-publish","4":"format-standard","5":"has-post-thumbnail","7":"category-tv","8":"cs-entry","9":"cs-video-wrap"},"_links":{"self":[{"href":"https:\/\/mediarun.com\/pl\/wp-json\/wp\/v2\/posts\/84775","targetHints":{"allow":["GET"]}}],"collection":[{"href":"https:\/\/mediarun.com\/pl\/wp-json\/wp\/v2\/posts"}],"about":[{"href":"https:\/\/mediarun.com\/pl\/wp-json\/wp\/v2\/types\/post"}],"author":[{"embeddable":true,"href":"https:\/\/mediarun.com\/pl\/wp-json\/wp\/v2\/users\/1"}],"replies":[{"embeddable":true,"href":"https:\/\/mediarun.com\/pl\/wp-json\/wp\/v2\/comments?post=84775"}],"version-history":[{"count":0,"href":"https:\/\/mediarun.com\/pl\/wp-json\/wp\/v2\/posts\/84775\/revisions"}],"wp:featuredmedia":[{"embeddable":true,"href":"https:\/\/mediarun.com\/pl\/wp-json\/wp\/v2\/media\/84776"}],"wp:attachment":[{"href":"https:\/\/mediarun.com\/pl\/wp-json\/wp\/v2\/media?parent=84775"}],"wp:term":[{"taxonomy":"category","embeddable":true,"href":"https:\/\/mediarun.com\/pl\/wp-json\/wp\/v2\/categories?post=84775"},{"taxonomy":"post_tag","embeddable":true,"href":"https:\/\/mediarun.com\/pl\/wp-json\/wp\/v2\/tags?post=84775"}],"curies":[{"name":"wp","href":"https:\/\/api.w.org\/{rel}","templated":true}]}}