{"id":84772,"date":"2005-11-25T01:50:12","date_gmt":"2005-11-25T00:50:12","guid":{"rendered":"https:\/\/mediarun.com\/index.php\/news-posts\/tomasz-smokowski-nagrodzony\/"},"modified":"2005-11-25T01:50:12","modified_gmt":"2005-11-25T00:50:12","slug":"tomasz-smokowski-nagrodzony","status":"publish","type":"post","link":"https:\/\/mediarun.com\/pl\/media\/tv\/tomasz-smokowski-nagrodzony.html","title":{"rendered":"Tomasz Smokowski nagrodzony"},"content":{"rendered":"<p>Do nagr\u00f3d w plebiscycie nominacj\u0119 zdoby\u0142 r\u00f3wnie\u017c CANAL+ , w kategorii &#8222;Sportowa Marka 2005&#8221; oraz program Sport+, jako &#8222;Sportowy Projekt Medialny 2005&#8221;. <\/p>\n<p>Dni Marketingu Sportowego to dotychczas jedyne wydarzenie w dziedzinie marketingu sportowego w Polsce.<\/p>\n<p>&#8222;Jestem szcz\u0119\u015bliwy z powodu otrzymania tego wyr\u00f3\u017cnienia. Cieszy ono tym bardziej, \u017ce w trakcie studi\u00f3w na Wydziale Zarz\u0105dzania Uniwersytetu Warszawskiego nie nale\u017ca\u0142em do or\u0142\u00f3w z marketingu&#8230; Dostateczny z plusem po poprawce&#8221; &#8211; \u017cartuje Tomasz Smokowski. Dodaje jednak: &#8222;Nasz\u0105 lig\u0119 przedstawia si\u0119 g\u0142\u00f3wnie w czarnych barwach. Wsp\u00f3lnie z kolegami z CANAL+ staramy si\u0119 pokazywa\u0107 to, co w niej dobrego. Jest wiele zjawisk bardzo pozytywnych i chodzi o to, by je promowa\u0107 i r\u00f3wnie\u017c o nich m\u00f3wi\u0107. Je\u015bli w ten spos\u00f3b przyczyniam si\u0119 do kszta\u0142towania dobrego obrazu polskiej pi\u0142ki od strony marketingowej, to znaczy, \u017ce lekcja ze studi\u00f3w zosta\u0142a nale\u017cycie odrobiona&#8221;.<\/p>\n<p>Tomasz Smokowski jest dziennikarzem sportowym CANAL+ od 1995 roku, czyli od pocz\u0105tku dzia\u0142alno\u015bci stacji w Polsce. Ma 32 lata. W 2002 i 2005 roku dzi\u0119ki g\u0142osom pi\u0142karzy otrzyma\u0142 Pi\u0142karskiego Oscara dla najlepszego komentatora telewizyjnego. Jego film dokumentalny &#8222;W Kadrze &#8211; Korea 2002&#8221;, dosta\u0142 Drug\u0105 Nagrod\u0119 w kategorii reporta\u017cu sportowego na Mi\u0119dzynarodowym Festiwalu Film\u00f3w Sportowych w Mediolanie. W CANAL+ Smokowski komentuje m.in. mecze lig polskiej i francuskiej, prowadzi tak\u017ce wsp\u00f3lnie z Andrzejem Twarowskim magazyn &#8222;Liga+Extra&#8221;.  <\/p>\n","protected":false},"excerpt":{"rendered":"Dziennikarz sportowy Canal+ Tomasz Smokowski zosta\u0142 uhonorowany statuetk\u0105 Demes w kategorii Osobowo\u015b\u0107 Medi\u00f3w 2005. Wyr\u00f3\u017cnienie zosta\u0142o przyznane w \u015brod\u0119, 23 listopada, podczas uroczystej gali w ramach IV Og\u00f3lnopolskiej Konferencji Naukowej &#8222;Dni Marketingu Sportowego&#8221;. Wydarzenie zorganizowane zosta\u0142o przez Sport &#038; Business Foundation.","protected":false},"author":1,"featured_media":84773,"comment_status":"open","ping_status":"closed","sticky":false,"template":"","format":"standard","meta":{"csco_display_header_overlay":false,"csco_singular_sidebar":"","csco_page_header_type":"","csco_page_load_nextpost":"","csco_post_video_location":[],"csco_post_video_location_hash":"","csco_post_video_url":"","csco_post_video_bg_start_time":0,"csco_post_video_bg_end_time":0,"footnotes":""},"categories":[9670],"tags":[],"class_list":{"0":"post-84772","1":"post","2":"type-post","3":"status-publish","4":"format-standard","5":"has-post-thumbnail","7":"category-tv","8":"cs-entry","9":"cs-video-wrap"},"_links":{"self":[{"href":"https:\/\/mediarun.com\/pl\/wp-json\/wp\/v2\/posts\/84772","targetHints":{"allow":["GET"]}}],"collection":[{"href":"https:\/\/mediarun.com\/pl\/wp-json\/wp\/v2\/posts"}],"about":[{"href":"https:\/\/mediarun.com\/pl\/wp-json\/wp\/v2\/types\/post"}],"author":[{"embeddable":true,"href":"https:\/\/mediarun.com\/pl\/wp-json\/wp\/v2\/users\/1"}],"replies":[{"embeddable":true,"href":"https:\/\/mediarun.com\/pl\/wp-json\/wp\/v2\/comments?post=84772"}],"version-history":[{"count":0,"href":"https:\/\/mediarun.com\/pl\/wp-json\/wp\/v2\/posts\/84772\/revisions"}],"wp:featuredmedia":[{"embeddable":true,"href":"https:\/\/mediarun.com\/pl\/wp-json\/wp\/v2\/media\/84773"}],"wp:attachment":[{"href":"https:\/\/mediarun.com\/pl\/wp-json\/wp\/v2\/media?parent=84772"}],"wp:term":[{"taxonomy":"category","embeddable":true,"href":"https:\/\/mediarun.com\/pl\/wp-json\/wp\/v2\/categories?post=84772"},{"taxonomy":"post_tag","embeddable":true,"href":"https:\/\/mediarun.com\/pl\/wp-json\/wp\/v2\/tags?post=84772"}],"curies":[{"name":"wp","href":"https:\/\/api.w.org\/{rel}","templated":true}]}}