{"id":84765,"date":"2005-11-25T01:59:17","date_gmt":"2005-11-25T00:59:17","guid":{"rendered":"https:\/\/mediarun.com\/index.php\/news-posts\/kalendarz-faktu-dla-czytelnikow\/"},"modified":"2005-11-25T01:59:17","modified_gmt":"2005-11-25T00:59:17","slug":"kalendarz-faktu-dla-czytelnikow","status":"publish","type":"post","link":"https:\/\/mediarun.com\/pl\/media\/prasa\/kalendarz-faktu-dla-czytelnikow.html","title":{"rendered":"Kalendarz Faktu dla czytelnik\u00f3w"},"content":{"rendered":"<p>Przez ca\u0142y grudzie\u0144 oraz na pocz\u0105tku przysz\u0142ego roku, co pi\u0105tek do Faktu do\u0142\u0105czone b\u0119d\u0105 kolejne kartki kalendarza, a ka\u017cda z nich b\u0119dzie obejmowa\u0107 dwa miesi\u0105ce. <\/p>\n<p>Tekturowa ramka kalendarza ma wymiary 250 mm x 145 mm. Kompletny kalendarz b\u0119dzie mia\u0142 7 wsuwanych w ramk\u0119 kartek (od grudnia 2005r. &#8211; do grudnia 2006r.)<br \/>\nPodr\u0119czny kalendarz b\u0119dzie mo\u017cna postawi\u0107 na biurku lub powiesi\u0107 na \u015bcianie. W kalendarzu zaznaczone s\u0105 wszystkie \u015bwi\u0119ta i imieniny.<\/p>\n<p>Kalendarz Faktu wspierany jest kampani\u0105 reklamow\u0105 w dzienniku Fakt oraz w radio i telewizji.<\/p>\n","protected":false},"excerpt":{"rendered":"Fakt przygotowa\u0142 dla swoich czytelnik\u00f3w prezent z okazji zbli\u017caj\u0105cego si\u0119 nowego roku &#8211; praktyczny kalendarz. Ju\u017c w pi\u0105tek 25 listopada czytelnicy znajd\u0105 w dzienniku ramk\u0119 wraz z pierwsz\u0105 kartk\u0105 kalendarza &#8211; na grudzie\u0144 2005.","protected":false},"author":1,"featured_media":84766,"comment_status":"open","ping_status":"closed","sticky":false,"template":"","format":"standard","meta":{"csco_display_header_overlay":false,"csco_singular_sidebar":"","csco_page_header_type":"","csco_page_load_nextpost":"","csco_post_video_location":[],"csco_post_video_location_hash":"","csco_post_video_url":"","csco_post_video_bg_start_time":0,"csco_post_video_bg_end_time":0,"footnotes":""},"categories":[9673],"tags":[],"class_list":{"0":"post-84765","1":"post","2":"type-post","3":"status-publish","4":"format-standard","5":"has-post-thumbnail","7":"category-prasa","8":"cs-entry","9":"cs-video-wrap"},"_links":{"self":[{"href":"https:\/\/mediarun.com\/pl\/wp-json\/wp\/v2\/posts\/84765","targetHints":{"allow":["GET"]}}],"collection":[{"href":"https:\/\/mediarun.com\/pl\/wp-json\/wp\/v2\/posts"}],"about":[{"href":"https:\/\/mediarun.com\/pl\/wp-json\/wp\/v2\/types\/post"}],"author":[{"embeddable":true,"href":"https:\/\/mediarun.com\/pl\/wp-json\/wp\/v2\/users\/1"}],"replies":[{"embeddable":true,"href":"https:\/\/mediarun.com\/pl\/wp-json\/wp\/v2\/comments?post=84765"}],"version-history":[{"count":0,"href":"https:\/\/mediarun.com\/pl\/wp-json\/wp\/v2\/posts\/84765\/revisions"}],"wp:featuredmedia":[{"embeddable":true,"href":"https:\/\/mediarun.com\/pl\/wp-json\/wp\/v2\/media\/84766"}],"wp:attachment":[{"href":"https:\/\/mediarun.com\/pl\/wp-json\/wp\/v2\/media?parent=84765"}],"wp:term":[{"taxonomy":"category","embeddable":true,"href":"https:\/\/mediarun.com\/pl\/wp-json\/wp\/v2\/categories?post=84765"},{"taxonomy":"post_tag","embeddable":true,"href":"https:\/\/mediarun.com\/pl\/wp-json\/wp\/v2\/tags?post=84765"}],"curies":[{"name":"wp","href":"https:\/\/api.w.org\/{rel}","templated":true}]}}