{"id":84758,"date":"2005-11-25T02:12:11","date_gmt":"2005-11-25T01:12:11","guid":{"rendered":"https:\/\/mediarun.com\/index.php\/news-posts\/dzien-poznania-w-tvp-kultura\/"},"modified":"2005-11-25T02:12:11","modified_gmt":"2005-11-25T01:12:11","slug":"dzien-poznania-w-tvp-kultura","status":"publish","type":"post","link":"https:\/\/mediarun.com\/pl\/media\/tv\/dzien-poznania-w-tvp-kultura.html","title":{"rendered":"Dzie\u0144 Poznania w TVP Kultura"},"content":{"rendered":"<p>Studio, z kt\u00f3rego program prowadzi\u0107 b\u0119dzie \u0141ukasz Drewniak, zainstalowane zostanie w pozna\u0144skim Zamku. St\u0105d pozna\u0144ski dzie\u0144 w TVP Kultura rozpocznie si\u0119 kilka minut przed godz. 17.00. W ci\u0105gu ca\u0142ego popo\u0142udnia i wieczoru widzowie stacji b\u0119d\u0105 mogli zobaczy\u0107 m.in.: film Joanny Janiak o czasopi\u015bmie &#8222;Czas kultury&#8221;, koncert zespo\u0142u Vandermark, felietony przypominaj\u0105ce najwa\u017cniejsze wydarzenia muzyczne, literackie, teatralne i plastyczne ostatniego roku oraz dyskusj\u0119 na temat miejsca Poznania na mapie kulturalnej Polski. Program zako\u0144czy si\u0119 oko\u0142o godz. 23.00, po projekcji filmu Filipa Bajona &#8222;Pozna\u0144&#8217;56&#8221;. <\/p>\n<p>Na co dzie\u0144 Poznaniacy nie maj\u0105 z regu\u0142y dost\u0119pu do TVP Kultura &#8211; nie udost\u0119pnia go wi\u0119kszo\u015b\u0107 kabl\u00f3wek w mie\u015bcie. 26 listopada b\u0119dzie pod tym wzgl\u0119dem dniem wyj\u0105tkowym. Tylko na sobot\u0119 Telewizja Kablowa Pozna\u0144 S.A., zrzeszaj\u0105ca pozna\u0144skich operator\u00f3w kablowych, zgodzi\u0142a si\u0119 zast\u0105pi\u0107 sygna\u0142 TVP Polonia sygna\u0142em kana\u0142u kulturalnego telewizji publicznej. Uczestniczy\u0107 w pozna\u0144skim dniu na antenie TVP Kultura b\u0119dzie wi\u0119c mia\u0142a wi\u0119kszo\u015b\u0107 mieszka\u0144c\u00f3w regionu. <\/p>\n<p>Dzie\u0144 pozna\u0144ski na antenie TVP Kultura to jeden z efekt\u00f3w porozumienia, jakie prezes TVP S.A., Jan Dworak zawar\u0142 z w\u0142adzami Poznania. Na mocy umowy Pozna\u0144 ma wi\u0119ksze mo\u017cliwo\u015bci promowania na antenie telewizji publicznej wa\u017cnych wydarze\u0144 kulturalnych z regionu. <\/p>\n","protected":false},"excerpt":{"rendered":"sobot\u0119 (26.11.2005) na antenie TVP Kultura rz\u0105dzi\u0107 b\u0119dzie Pozna\u0144. Kana\u0142 nada w sumie 6 godzin programu ze stolicy Wielkopolski.","protected":false},"author":1,"featured_media":84759,"comment_status":"open","ping_status":"closed","sticky":false,"template":"","format":"standard","meta":{"csco_display_header_overlay":false,"csco_singular_sidebar":"","csco_page_header_type":"","csco_page_load_nextpost":"","csco_post_video_location":[],"csco_post_video_location_hash":"","csco_post_video_url":"","csco_post_video_bg_start_time":0,"csco_post_video_bg_end_time":0,"footnotes":""},"categories":[9670],"tags":[],"class_list":{"0":"post-84758","1":"post","2":"type-post","3":"status-publish","4":"format-standard","5":"has-post-thumbnail","7":"category-tv","8":"cs-entry","9":"cs-video-wrap"},"_links":{"self":[{"href":"https:\/\/mediarun.com\/pl\/wp-json\/wp\/v2\/posts\/84758","targetHints":{"allow":["GET"]}}],"collection":[{"href":"https:\/\/mediarun.com\/pl\/wp-json\/wp\/v2\/posts"}],"about":[{"href":"https:\/\/mediarun.com\/pl\/wp-json\/wp\/v2\/types\/post"}],"author":[{"embeddable":true,"href":"https:\/\/mediarun.com\/pl\/wp-json\/wp\/v2\/users\/1"}],"replies":[{"embeddable":true,"href":"https:\/\/mediarun.com\/pl\/wp-json\/wp\/v2\/comments?post=84758"}],"version-history":[{"count":0,"href":"https:\/\/mediarun.com\/pl\/wp-json\/wp\/v2\/posts\/84758\/revisions"}],"wp:featuredmedia":[{"embeddable":true,"href":"https:\/\/mediarun.com\/pl\/wp-json\/wp\/v2\/media\/84759"}],"wp:attachment":[{"href":"https:\/\/mediarun.com\/pl\/wp-json\/wp\/v2\/media?parent=84758"}],"wp:term":[{"taxonomy":"category","embeddable":true,"href":"https:\/\/mediarun.com\/pl\/wp-json\/wp\/v2\/categories?post=84758"},{"taxonomy":"post_tag","embeddable":true,"href":"https:\/\/mediarun.com\/pl\/wp-json\/wp\/v2\/tags?post=84758"}],"curies":[{"name":"wp","href":"https:\/\/api.w.org\/{rel}","templated":true}]}}