{"id":84755,"date":"2005-11-25T02:20:37","date_gmt":"2005-11-25T01:20:37","guid":{"rendered":"https:\/\/mediarun.com\/index.php\/news-posts\/pis-nie-chce-wladzy-w-tvp\/"},"modified":"2005-11-25T02:20:37","modified_gmt":"2005-11-25T01:20:37","slug":"pis-nie-chce-wladzy-w-tvp","status":"publish","type":"post","link":"https:\/\/mediarun.com\/pl\/media\/tv\/pis-nie-chce-wladzy-w-tvp.html","title":{"rendered":"PiS nie chce w\u0142adzy w TVP?"},"content":{"rendered":"<p>To reakcja na nasz\u0105 wczorajsza publikacj\u0119, w kt\u00f3rej cytowali\u015bmy bulwersuj\u0105ce s\u0142owa wiceszefa klubu PiS Tomasza Markowskiego: &#8211; Chcemy rzeczywi\u015bcie mie\u0107 bardzo silny wp\u0142yw na media, mimo \u017ce b\u0119dzie krzyk i ha\u0142as si\u0119 podnosi\u0142, rwetes i lament. Spodziewam si\u0119 krzyku, ale bior\u0119 za to pe\u0142n\u0105 odpowiedzialno\u015b\u0107.<\/p>\n<p>Wczoraj w Radiu ZET marsza\u0142ek Senatu Bogdan Borusewicz apelowa\u0142: &#8211; W\u0142adze PiS-u powinny na to zareagowa\u0107, bo to po prostu jest wypowied\u017a do\u015b\u0107 nieoczekiwana i niem\u0105dra.<\/p>\n<p>O komentarz poprosili\u015bmy wi\u0119c Adama Lipi\u0144skiego, wiceprezesa PiS: &#8211; Cz\u0119\u015b\u0107 polityk\u00f3w PiS jest poirytowana brakiem obiektywizmu w\u015br\u00f3d dziennikarzy, ale to nie uzasadnia postulat\u00f3w przej\u0119cia w\u0142adzy w mediach publicznych. W ten spos\u00f3b nie mo\u017cna nawet my\u015ble\u0107. Postawili\u015bmy sobie za cel przerwanie tego b\u0142\u0119dnego ko\u0142a, w kt\u00f3rym ka\u017cda nowa ekipa rz\u0105dowa wsadza do medi\u00f3w swoich ludzi.<\/p>\n","protected":false},"excerpt":{"rendered":"PiS si\u0119 zarzeka, \u017ce nie chce zaw\u0142aszczy\u0107 medi\u00f3w publicznych. Chce tylko, by znalaz\u0142y si\u0119 w r\u0119kach apartyjnych ekspert\u00f3w. PO temu nie wierzy &#8211; informuje &#8222;Gazeta Wyborcza&#8221;","protected":false},"author":1,"featured_media":0,"comment_status":"open","ping_status":"closed","sticky":false,"template":"","format":"standard","meta":{"csco_display_header_overlay":false,"csco_singular_sidebar":"","csco_page_header_type":"","csco_page_load_nextpost":"","csco_post_video_location":[],"csco_post_video_location_hash":"","csco_post_video_url":"","csco_post_video_bg_start_time":0,"csco_post_video_bg_end_time":0,"footnotes":""},"categories":[9670],"tags":[],"class_list":{"0":"post-84755","1":"post","2":"type-post","3":"status-publish","4":"format-standard","6":"category-tv","7":"cs-entry","8":"cs-video-wrap"},"_links":{"self":[{"href":"https:\/\/mediarun.com\/pl\/wp-json\/wp\/v2\/posts\/84755","targetHints":{"allow":["GET"]}}],"collection":[{"href":"https:\/\/mediarun.com\/pl\/wp-json\/wp\/v2\/posts"}],"about":[{"href":"https:\/\/mediarun.com\/pl\/wp-json\/wp\/v2\/types\/post"}],"author":[{"embeddable":true,"href":"https:\/\/mediarun.com\/pl\/wp-json\/wp\/v2\/users\/1"}],"replies":[{"embeddable":true,"href":"https:\/\/mediarun.com\/pl\/wp-json\/wp\/v2\/comments?post=84755"}],"version-history":[{"count":0,"href":"https:\/\/mediarun.com\/pl\/wp-json\/wp\/v2\/posts\/84755\/revisions"}],"wp:attachment":[{"href":"https:\/\/mediarun.com\/pl\/wp-json\/wp\/v2\/media?parent=84755"}],"wp:term":[{"taxonomy":"category","embeddable":true,"href":"https:\/\/mediarun.com\/pl\/wp-json\/wp\/v2\/categories?post=84755"},{"taxonomy":"post_tag","embeddable":true,"href":"https:\/\/mediarun.com\/pl\/wp-json\/wp\/v2\/tags?post=84755"}],"curies":[{"name":"wp","href":"https:\/\/api.w.org\/{rel}","templated":true}]}}