{"id":84753,"date":"2005-11-25T02:23:28","date_gmt":"2005-11-25T01:23:28","guid":{"rendered":"https:\/\/mediarun.com\/index.php\/news-posts\/waniek-wozi-bor\/"},"modified":"2005-11-25T02:23:28","modified_gmt":"2005-11-25T01:23:28","slug":"waniek-wozi-bor","status":"publish","type":"post","link":"https:\/\/mediarun.com\/pl\/media\/tv\/waniek-wozi-bor.html","title":{"rendered":"Waniek wozi BOR"},"content":{"rendered":"<p>Dlaczego akurat Waniek? &#8211; Sama wyst\u0105pi\u0142am do BOR o przyznanie mi tego konkretnego funkcjonariusza &#8211; powiedzia\u0142a nam wczoraj szefowa KRRiT. <\/p>\n<p>&#8211; Pozna\u0142am go w 1995 r., kiedy jako szefowa Kancelarii Prezydenta dosta\u0142am ochron\u0119 BOR. W 1998 r., gdy z\u0142odziej ukrad\u0142 mi na \u015bwiat\u0142ach torebk\u0119 z samochodu, poprosi\u0142am wicepremiera Janusza Tomaszewskiego o ochron\u0119. I zn\u00f3w chcia\u0142am pracowa\u0107 z tym konkretnym funkcjonariuszem. I potem, gdy zosta\u0142am powo\u0142ana do KRRiT, poprosi\u0142am szefa BOR o przydzielenie mi zn\u00f3w tego w\u0142a\u015bnie funkcjonariusza. <\/p>\n<p>Dlaczego kolejni szefowie BOR przydzielali Danucie Waniek funkcjonariusza, cho\u0107 ochrona BOR ustawowo jej nie przys\u0142ugiwa\u0142a? <\/p>\n<p>&#8211; Nie udzielamy odpowiedzi dotycz\u0105cych informacji obj\u0119tych klauzul\u0105 &#8222;zastrze\u017cone&#8221;, &#8222;poufne&#8221;, &#8222;tajne&#8221; i &#8222;\u015bci\u015ble tajne&#8221; &#8211; wyja\u015bnia na pi\u015bmie rzeczniczka BOR. <\/p>\n<p>Waniek twierdzi, \u017ce i funkcjonariuszowi praca u niej by\u0142a na r\u0119k\u0119, bo &#8211; jak m\u00f3wi &#8211; prawicowa ekipa \u017ale traktowa\u0142a funkcjonariuszy wo\u017c\u0105cych wcze\u015bniej lewic\u0119.<\/p>\n<p>&#8211; I faktycznie, tego konkretnego funkcjonariusza BOR przydzieli\u0142 Waniek w grudniu 2002 r. \u00f3wczesny szef BOR gen. Leszek Mozgawa tzw. rozkazem personalnym. I to bezterminowo. &#8211; pisze &#8222;GW&#8221;<\/p>\n<p>&#8211; \u00d3wczesny szef MSWiA Krzysztof Janik jest jednak zaskoczony, \u017ce Waniek przydzielono BOR-owca: &#8211; Nic o tym nie wiedzia\u0142em! My\u015bmy likwidowali te wszystkie delegacje funkcjonariuszy BOR. Je\u015bli kto\u015b zwraca\u0142 si\u0119 do nas z pro\u015bb\u0105 o ochron\u0119, to kierowali\u015bmy spraw\u0119 do Komendy G\u0142\u00f3wnej Policji, a ta w wyj\u0105tkowych przypadkach przydziela\u0142a antyterroryst\u00f3w. I nigdy bezterminowo. &#8211; donosi &#8222;Gazeta Wyborcza&#8221;<\/p>\n","protected":false},"excerpt":{"rendered":"&#8222;Danuta Waniek to jedyny szef Krajowej Rady Radiofonii i Telewizji, kt\u00f3rego &#8211; do wczoraj &#8211; s\u0142u\u017cbowym samochodem wozi\u0142 funkcjonariusz BOR. Dlaczego? To &#8222;zastrze\u017cone, poufne, tajne i \u015bci\u015ble tajne&#8221; &#8211; pisze &#8222;Gazeta Wyborcza&#8221;","protected":false},"author":1,"featured_media":84754,"comment_status":"open","ping_status":"closed","sticky":false,"template":"","format":"standard","meta":{"csco_display_header_overlay":false,"csco_singular_sidebar":"","csco_page_header_type":"","csco_page_load_nextpost":"","csco_post_video_location":[],"csco_post_video_location_hash":"","csco_post_video_url":"","csco_post_video_bg_start_time":0,"csco_post_video_bg_end_time":0,"footnotes":""},"categories":[9670],"tags":[],"class_list":{"0":"post-84753","1":"post","2":"type-post","3":"status-publish","4":"format-standard","5":"has-post-thumbnail","7":"category-tv","8":"cs-entry","9":"cs-video-wrap"},"_links":{"self":[{"href":"https:\/\/mediarun.com\/pl\/wp-json\/wp\/v2\/posts\/84753","targetHints":{"allow":["GET"]}}],"collection":[{"href":"https:\/\/mediarun.com\/pl\/wp-json\/wp\/v2\/posts"}],"about":[{"href":"https:\/\/mediarun.com\/pl\/wp-json\/wp\/v2\/types\/post"}],"author":[{"embeddable":true,"href":"https:\/\/mediarun.com\/pl\/wp-json\/wp\/v2\/users\/1"}],"replies":[{"embeddable":true,"href":"https:\/\/mediarun.com\/pl\/wp-json\/wp\/v2\/comments?post=84753"}],"version-history":[{"count":0,"href":"https:\/\/mediarun.com\/pl\/wp-json\/wp\/v2\/posts\/84753\/revisions"}],"wp:featuredmedia":[{"embeddable":true,"href":"https:\/\/mediarun.com\/pl\/wp-json\/wp\/v2\/media\/84754"}],"wp:attachment":[{"href":"https:\/\/mediarun.com\/pl\/wp-json\/wp\/v2\/media?parent=84753"}],"wp:term":[{"taxonomy":"category","embeddable":true,"href":"https:\/\/mediarun.com\/pl\/wp-json\/wp\/v2\/categories?post=84753"},{"taxonomy":"post_tag","embeddable":true,"href":"https:\/\/mediarun.com\/pl\/wp-json\/wp\/v2\/tags?post=84753"}],"curies":[{"name":"wp","href":"https:\/\/api.w.org\/{rel}","templated":true}]}}