{"id":84718,"date":"2005-11-25T10:38:19","date_gmt":"2005-11-25T09:38:19","guid":{"rendered":"https:\/\/mediarun.com\/index.php\/news-posts\/debata-o-mediach-w-polsacie\/"},"modified":"2005-11-25T10:38:19","modified_gmt":"2005-11-25T09:38:19","slug":"debata-o-mediach-w-polsacie","status":"publish","type":"post","link":"https:\/\/mediarun.com\/pl\/media\/tv\/debata-o-mediach-w-polsacie.html","title":{"rendered":"Debata o mediach w Polsacie"},"content":{"rendered":"<p>Podobno, \u017ce na tej li\u015bcie jest 77 nazwisk. Sellin nie chcia\u0142 zdradzi\u0107 \u017cadnego z nich w obawie przed nagonk\u0105 na poszczeg\u00f3lne osoby. Gdyby wesz\u0142a w \u017cycie koncepcja polegaj\u0105ca na podziale TVP na kana\u0142y dla koalicji i opozycji, to Jacek \u017bakowski m\u00f3g\u0142by by\u0107 szefem opozycyjnej stacji. System podzia\u0142u telewizji dla partii rz\u0105dz\u0105cej i opozycji obowi\u0105zuje we W\u0142oszech, gdzie rynek medialny zdominowany jest przez premiera magnata Silvia Berlusconiego. W rezultacie polityk i w\u0142a\u015bciciel jednego z najwi\u0119kszych koncern\u00f3w medialnych w Europie kontroluje niemal 80 proc. rynku telewizyjnego. <\/p>\n<p>Bronis\u0142aw Wildstein skrytykowa\u0142 TVN i TVN24 za to, \u017ce jak okre\u015bli\u0142 podczas dyskusji o PiS-ie dyskutuje si\u0119 nad stopniem jego paskudno\u015bci. Do podania konkretnych redakcji nak\u0142oni\u0142 go Lis, kt\u00f3ry jeszcze w czasie trwania przerwy reklamowej pyta\u0142, czy chodzi o te media, z kt\u00f3rych go zwolniono. Wildstein zauwa\u017ca w oczach dziennikarzy TVN24 strach po tym jak nie wygra\u0142 ich faworyt. Nie powiod\u0142a si\u0119 te\u017c lansowana przez media koncepcja koalicji PO-PiS. Prowadz\u0105cy &#8222;Co z t\u0105 Polsk\u0105?&#8221; stwierdzi\u0142, \u017ce w jego przekonaniu TVP obiektywnie przekazywa\u0142a relacje z kampanii wyborczej.<\/p>\n<p>Wed\u0142ug Tomasza Lisa, w ostatnim czasie w Telewizji Polskiej da wyczu\u0107 si\u0119 zmian\u0119 nachylenia niekt\u00f3rych dziennikarzy, kt\u00f3rzy pracuj\u0105 ju\u017c z perspektyw\u0105 ewentualnego przej\u0119cia przez PiS. Podobne odczucie ma Danuta Waniek, przewodnicz\u0105ca KRRiT Lis zauwa\u017cy\u0142, \u017ce z tym kto rz\u0105dzi, chce wsp\u00f3\u0142pracowa\u0107 od razu wi\u0119ksza liczba os\u00f3b, dlatego policja, w\u0142adze Poznania i Wielkopolski post\u0105pi\u0142y w niepokoj\u0105cy spos\u00f3b wobec &#8222;nieszcz\u0119snych w tym wypadku homoseksualist\u00f3w&#8221;. <\/p>\n","protected":false},"excerpt":{"rendered":"W czwartkowym programie &#8222;Co z t\u0105 Polsk\u0105?&#8221; dyskutowano na temat zmian na polskim rynku medialnym po przej\u0119ciu w\u0142adzy przez PiS. W ostatnim czasie pojawi\u0142y si\u0119 informacje, \u017ce rz\u0105dz\u0105ca partia chce prowadzi\u0107 batali\u0119 o media publiczne. Wed\u0142ug zgromadzonego w studiu Jaros\u0142awa Sellina, we w\u0142adzach medi\u00f3w publicznych powinny si\u0119 znale\u017a\u0107 powa\u017cane osoby ze \u015bwiata medi\u00f3w, kultury i biznesu.","protected":false},"author":1,"featured_media":84719,"comment_status":"open","ping_status":"closed","sticky":false,"template":"","format":"standard","meta":{"csco_display_header_overlay":false,"csco_singular_sidebar":"","csco_page_header_type":"","csco_page_load_nextpost":"","csco_post_video_location":[],"csco_post_video_location_hash":"","csco_post_video_url":"","csco_post_video_bg_start_time":0,"csco_post_video_bg_end_time":0,"footnotes":""},"categories":[9670],"tags":[],"class_list":{"0":"post-84718","1":"post","2":"type-post","3":"status-publish","4":"format-standard","5":"has-post-thumbnail","7":"category-tv","8":"cs-entry","9":"cs-video-wrap"},"_links":{"self":[{"href":"https:\/\/mediarun.com\/pl\/wp-json\/wp\/v2\/posts\/84718","targetHints":{"allow":["GET"]}}],"collection":[{"href":"https:\/\/mediarun.com\/pl\/wp-json\/wp\/v2\/posts"}],"about":[{"href":"https:\/\/mediarun.com\/pl\/wp-json\/wp\/v2\/types\/post"}],"author":[{"embeddable":true,"href":"https:\/\/mediarun.com\/pl\/wp-json\/wp\/v2\/users\/1"}],"replies":[{"embeddable":true,"href":"https:\/\/mediarun.com\/pl\/wp-json\/wp\/v2\/comments?post=84718"}],"version-history":[{"count":0,"href":"https:\/\/mediarun.com\/pl\/wp-json\/wp\/v2\/posts\/84718\/revisions"}],"wp:featuredmedia":[{"embeddable":true,"href":"https:\/\/mediarun.com\/pl\/wp-json\/wp\/v2\/media\/84719"}],"wp:attachment":[{"href":"https:\/\/mediarun.com\/pl\/wp-json\/wp\/v2\/media?parent=84718"}],"wp:term":[{"taxonomy":"category","embeddable":true,"href":"https:\/\/mediarun.com\/pl\/wp-json\/wp\/v2\/categories?post=84718"},{"taxonomy":"post_tag","embeddable":true,"href":"https:\/\/mediarun.com\/pl\/wp-json\/wp\/v2\/tags?post=84718"}],"curies":[{"name":"wp","href":"https:\/\/api.w.org\/{rel}","templated":true}]}}