{"id":84717,"date":"2005-11-25T12:47:56","date_gmt":"2005-11-25T11:47:56","guid":{"rendered":"https:\/\/mediarun.com\/index.php\/news-posts\/akcja-i-ty-mozesz-zostac-sw-mikolajem-juz-po-raz-14\/"},"modified":"2005-11-25T12:47:56","modified_gmt":"2005-11-25T11:47:56","slug":"akcja-i-ty-mozesz-zostac-sw-mikolajem-juz-po-raz-14","status":"publish","type":"post","link":"https:\/\/mediarun.com\/pl\/media\/tv\/akcja-i-ty-mozesz-zostac-sw-mikolajem-juz-po-raz-14.html","title":{"rendered":"Akcja: I Ty mo\u017cesz zosta\u0107 \u015bw. Miko\u0142ajem ju\u017c po raz 14"},"content":{"rendered":"<p>Akcja odb\u0119dzie si\u0119 4 grudnia na Rynku G\u0142\u00f3wnym w Krakowie. Na wsp\u00f3lnej scenie wyst\u0105pi\u0105 m.in. Beata Kozidrak, Szymon Wydra i Carpe Diem, Andrzej Cierniewski, Bogus\u0142aw Mec, Majka Je\u017cowska, Wojciech G\u0105ssowski, Norbi, Micha\u0142 Wi\u015bniewski i Ryszard Rynkowski. B\u0119d\u0105 te\u017c dzieci z czterech dom\u00f3w dziecka z Krakowa i Cz\u0119stochowy. Akcj\u0119 prowadzi\u0107 b\u0119d\u0105 prezenterki Dw\u00f3jki: Agata M\u0142ynarska, Iwona Kubicz, Anna Popek i Katarzyna Obara. <\/p>\n<p>&#8211; W domach, dla kt\u00f3rych przeznaczona jest w tym roku pomoc, mieszka w sumie 170 dzieci. S\u0105 w\u015br\u00f3d nich i niemowl\u0119ta, i dzieci z upo\u015bledzeniem umys\u0142owym, potrzebuj\u0105ce nie tylko mi\u0142o\u015bci, opieki i ciep\u0142a, ale tak\u017ce odzie\u017cy, koc\u00f3w, stolik\u00f3w, \u0142\u00f3\u017ceczek, przybor\u00f3w szkolnych &#8211; m\u00f3wi Nina Terentiew, dyrektor Programu 2 TVP S.A. &#8211; Domy Dziecka pozostawione same sobie nie zawsze dadz\u0105 sobie rad\u0119. Dlatego tak bardzo potrzebna b\u0119dzie ka\u017cda z\u0142ot\u00f3wka i otwarte serce ka\u017cdego z nas. <\/p>\n<p>Podczas koncertu w niedziel\u0119 4 grudnia na Rynku w Krakowie odbywa\u0107 si\u0119 b\u0119dzie kwesta (ch\u0119tne do udzia\u0142u w niej firmy mog\u0105 opr\u00f3cz \u015brodk\u00f3w finansowych przekazywa\u0107 tak\u017ce dary rzeczowe dla Dom\u00f3w). Koncert emitowany b\u0119dzie w niedziel\u0119 o godz. 15.05, 17.30 i 19.05 na antenie Dw\u00f3jki, kt\u00f3ra tak\u017ce odwiedzi Domy Dziecka i b\u0119dzie rozmawia\u0107 z ich mieszka\u0144cami i opiekunami. <\/p>\n<p>W ci\u0105gu kilkunastu lat akcji &#8222;I Ty mo\u017cesz zosta\u0107 \u015bw. Miko\u0142ajem&#8221; dzi\u0119ki pomocy, \u017cyczliwo\u015bci, hojno\u015bci wielu ludzi i firm TVP2 mog\u0142a razem z nimi pom\u00f3c ma\u0142ym mieszka\u0144com 45 o\u015brodk\u00f3w w ca\u0142ej Polsce. Tylko ubieg\u0142oroczna, 13 edycja akcji przynios\u0142a doch\u00f3d ponad 2 020 000 z\u0142. Opr\u00f3cz got\u00f3wki by\u0142y dary rzeczowe &#8211; meble, okna, sprz\u0119t AGD, kosmetyki, sprz\u0119t sportowy, zabawki, odzie\u017c, \u017cywno\u015b\u0107. \u015arodki te trafi\u0142y do siedmiu dom\u00f3w dziecka. <\/p>\n<p>W tym roku zebrane pieni\u0105dze zostan\u0105 przeznaczona na potrzeby Domu Ma\u0142ych Dzieci im. b\u0142. Edmunda Bojanowskiego prowadzonego przez Zgromadzenie Si\u00f3str SS S\u0142u\u017cebniczek NMP w Cz\u0119stochowie, Interwencyjnego O\u015brodka Preadopcyjnego &#8211; Oddzia\u0142u Opieki D\u0142ugoterminowej dla Dzieci w Cz\u0119stochowie prowadzonego przez Stowarzyszenie Piel\u0119gniarsko-Opieku\u0144cze &#8222;Z Ufno\u015bci\u0105 w Trzecie Tysi\u0105clecie&#8221;, Domu Dziecka nr 7 w Krakowie oraz O\u015brodka Wychowawczego dla Dziewcz\u0105t Zgromadzenia Si\u00f3str S\u0142u\u017cebniczek NMP w Krakowie. W ka\u017cdym z tych Dom\u00f3w potrzebne s\u0105 pieni\u0105dze na remonty, wymian\u0119 okien, malowanie, wyposa\u017cenie kuchni i \u0142azienek, zakup \u017cywno\u015bci, lek\u00f3w, \u015brodk\u00f3w sanitarno &#8211; higienicznych czy opa\u0142u.<\/p>\n","protected":false},"excerpt":{"rendered":"Ju\u017c po raz 14 w tym roku Program 2 TVP S.A. organizuje akcj\u0119 charytatywn\u0105 &#8222;I Ty mo\u017cesz zosta\u0107 \u015bw. Miko\u0142ajem&#8221;. Tym razem telewizyjna Dw\u00f3jka b\u0119dzie kwestowa\u0107 na rzecz Dom\u00f3w Dziecka w regionie ma\u0142opolskim.","protected":false},"author":1,"featured_media":0,"comment_status":"open","ping_status":"closed","sticky":false,"template":"","format":"standard","meta":{"csco_display_header_overlay":false,"csco_singular_sidebar":"","csco_page_header_type":"","csco_page_load_nextpost":"","csco_post_video_location":[],"csco_post_video_location_hash":"","csco_post_video_url":"","csco_post_video_bg_start_time":0,"csco_post_video_bg_end_time":0,"footnotes":""},"categories":[9670],"tags":[],"class_list":{"0":"post-84717","1":"post","2":"type-post","3":"status-publish","4":"format-standard","6":"category-tv","7":"cs-entry","8":"cs-video-wrap"},"_links":{"self":[{"href":"https:\/\/mediarun.com\/pl\/wp-json\/wp\/v2\/posts\/84717","targetHints":{"allow":["GET"]}}],"collection":[{"href":"https:\/\/mediarun.com\/pl\/wp-json\/wp\/v2\/posts"}],"about":[{"href":"https:\/\/mediarun.com\/pl\/wp-json\/wp\/v2\/types\/post"}],"author":[{"embeddable":true,"href":"https:\/\/mediarun.com\/pl\/wp-json\/wp\/v2\/users\/1"}],"replies":[{"embeddable":true,"href":"https:\/\/mediarun.com\/pl\/wp-json\/wp\/v2\/comments?post=84717"}],"version-history":[{"count":0,"href":"https:\/\/mediarun.com\/pl\/wp-json\/wp\/v2\/posts\/84717\/revisions"}],"wp:attachment":[{"href":"https:\/\/mediarun.com\/pl\/wp-json\/wp\/v2\/media?parent=84717"}],"wp:term":[{"taxonomy":"category","embeddable":true,"href":"https:\/\/mediarun.com\/pl\/wp-json\/wp\/v2\/categories?post=84717"},{"taxonomy":"post_tag","embeddable":true,"href":"https:\/\/mediarun.com\/pl\/wp-json\/wp\/v2\/tags?post=84717"}],"curies":[{"name":"wp","href":"https:\/\/api.w.org\/{rel}","templated":true}]}}